{"id":21431,"date":"2024-05-27T15:11:53","date_gmt":"2024-05-27T13:11:53","guid":{"rendered":"https:\/\/regiongron.sk\/?p=21431"},"modified":"2024-05-27T15:12:31","modified_gmt":"2024-05-27T13:12:31","slug":"letny-vecer-na-hrade-sasov-2024","status":"publish","type":"post","link":"https:\/\/regiongron.sk\/en\/letny-vecer-na-hrade-sasov-2024\/","title":{"rendered":"LETN\u00dd VE\u010cER NA HRADE \u0160\u00c1\u0160OV, 22.6.2024"},"content":{"rendered":"<div class=\"wp-block-image\">\n<figure class=\"aligncenter size-large\"><img loading=\"lazy\" decoding=\"async\" width=\"1024\" height=\"682\" src=\"https:\/\/regiongron.sk\/wp-content\/uploads\/2023\/02\/SasovAlbertRegionGRON20203-1024x682.jpg\" alt=\"\" class=\"wp-image-16855\" srcset=\"https:\/\/regiongron.sk\/en\/wp-content\/uploads\/2023\/02\/SasovAlbertRegionGRON20203-1024x682.jpg 1024w, https:\/\/regiongron.sk\/en\/wp-content\/uploads\/2023\/02\/SasovAlbertRegionGRON20203-600x400.jpg 600w, https:\/\/regiongron.sk\/en\/wp-content\/uploads\/2023\/02\/SasovAlbertRegionGRON20203-768x512.jpg 768w, https:\/\/regiongron.sk\/en\/wp-content\/uploads\/2023\/02\/SasovAlbertRegionGRON20203-1536x1023.jpg 1536w, https:\/\/regiongron.sk\/en\/wp-content\/uploads\/2023\/02\/SasovAlbertRegionGRON20203.jpg 1600w\" sizes=\"auto, (max-width: 1024px) 100vw, 1024px\" \/><\/figure>\n<\/div>\n\n\n<p><strong>LETN\u00dd VE\u010cER NA HRADE S DIVADLOM A OCHUTN\u00c1VKOU V\u00cdN<\/strong><\/p>\n\n\n\n<p>Pr\u00ed\u010fte za\u017ei\u0165 letn\u00fd ve\u010der na hrade. \u010cak\u00e1 v\u00e1s ve\u010dern\u00e1 komentovan\u00e1 prehliadka s\u00a0odborn\u00fdm v\u00fdkladom, ktorou v\u00e1s prevedie samotn\u00fd <strong>hradn\u00fd p\u00e1n<\/strong> <strong>Ing. Rastislav Uhrovi\u010d<\/strong>.\u00a0<\/p>\n\n\n\n<p><span style=\"color: #000000;\">Prehliadku za\u010dneme v <strong>pam\u00e4tnej izbe<\/strong> pod hradom, kde nahliadneme do dom\u00e1cnost\u00ed tunaj\u0161\u00edch obyvate\u013eov. \u010cak\u00e1 n\u00e1s <strong>nen\u00e1ro\u010dn\u00fd v\u00fdstup<\/strong> a mno\u017estvo zauj\u00edmav\u00fdch inform\u00e1ci\u00ed o tom, ako vyzeral hrad kedysi, pre\u010do do\u0161lo k z\u00e1niku ru\u0161n\u00e9ho \u017eivota na hrade, ale i to ako by mohol vyzera\u0165 v bud\u00facnosti. V <strong>s\u00e1le kr\u00e1\u013eovnej Barbory<\/strong> sa napokon pred nami odhal\u00ed \u010das\u0165 jej <strong>legendou<\/strong> opraden\u00e9ho \u017eivota i to pre\u010do bola naz\u00fdvan\u00e1 \"\u010cierna kr\u00e1\u013eovn\u00e1\". <\/span><\/p>\n\n\n\n<figure class=\"wp-block-gallery has-nested-images columns-2 is-cropped wp-block-gallery-1 is-layout-flex wp-block-gallery-is-layout-flex\">\n<figure class=\"wp-block-image size-large\"><img loading=\"lazy\" decoding=\"async\" width=\"1024\" height=\"578\" data-id=\"17024\" src=\"https:\/\/regiongron.sk\/wp-content\/uploads\/2023\/02\/Sasov5-scaled-1-1024x578.jpg\" alt=\"\" class=\"wp-image-17024\" srcset=\"https:\/\/regiongron.sk\/en\/wp-content\/uploads\/2023\/02\/Sasov5-scaled-1-1024x578.jpg 1024w, https:\/\/regiongron.sk\/en\/wp-content\/uploads\/2023\/02\/Sasov5-scaled-1-600x338.jpg 600w, https:\/\/regiongron.sk\/en\/wp-content\/uploads\/2023\/02\/Sasov5-scaled-1-768x433.jpg 768w, https:\/\/regiongron.sk\/en\/wp-content\/uploads\/2023\/02\/Sasov5-scaled-1-1536x866.jpg 1536w, https:\/\/regiongron.sk\/en\/wp-content\/uploads\/2023\/02\/Sasov5-scaled-1.jpg 2048w\" sizes=\"auto, (max-width: 1024px) 100vw, 1024px\" \/><\/figure>\n\n\n\n<figure class=\"wp-block-image size-large\"><img loading=\"lazy\" decoding=\"async\" width=\"1024\" height=\"683\" data-id=\"17022\" src=\"https:\/\/regiongron.sk\/wp-content\/uploads\/2023\/02\/hrad-sasov-13-scaled-1-1024x683.jpg\" alt=\"\" class=\"wp-image-17022\" srcset=\"https:\/\/regiongron.sk\/en\/wp-content\/uploads\/2023\/02\/hrad-sasov-13-scaled-1-1024x683.jpg 1024w, https:\/\/regiongron.sk\/en\/wp-content\/uploads\/2023\/02\/hrad-sasov-13-scaled-1-600x400.jpg 600w, https:\/\/regiongron.sk\/en\/wp-content\/uploads\/2023\/02\/hrad-sasov-13-scaled-1-768x512.jpg 768w, https:\/\/regiongron.sk\/en\/wp-content\/uploads\/2023\/02\/hrad-sasov-13-scaled-1-1536x1024.jpg 1536w, https:\/\/regiongron.sk\/en\/wp-content\/uploads\/2023\/02\/hrad-sasov-13-scaled-1.jpg 2048w\" sizes=\"auto, (max-width: 1024px) 100vw, 1024px\" \/><\/figure>\n\n\n\n<figure class=\"wp-block-image size-large\"><img loading=\"lazy\" decoding=\"async\" width=\"1024\" height=\"683\" data-id=\"19052\" src=\"https:\/\/regiongron.sk\/wp-content\/uploads\/2023\/04\/sasov-1-1024x683.jpg\" alt=\"hrad \u0161\u00e1\u0161ov\" class=\"wp-image-19052\" srcset=\"https:\/\/regiongron.sk\/en\/wp-content\/uploads\/2023\/04\/sasov-1-1024x683.jpg 1024w, https:\/\/regiongron.sk\/en\/wp-content\/uploads\/2023\/04\/sasov-1-600x400.jpg 600w, https:\/\/regiongron.sk\/en\/wp-content\/uploads\/2023\/04\/sasov-1-768x512.jpg 768w, https:\/\/regiongron.sk\/en\/wp-content\/uploads\/2023\/04\/sasov-1-1536x1024.jpg 1536w, https:\/\/regiongron.sk\/en\/wp-content\/uploads\/2023\/04\/sasov-1-2048x1365.jpg 2048w, https:\/\/regiongron.sk\/en\/wp-content\/uploads\/2023\/04\/sasov-1-scaled.jpg 2560w\" sizes=\"auto, (max-width: 1024px) 100vw, 1024px\" \/><\/figure>\n\n\n\n<figure class=\"wp-block-image size-large\"><img loading=\"lazy\" decoding=\"async\" width=\"1024\" height=\"683\" data-id=\"16424\" src=\"https:\/\/regiongron.sk\/wp-content\/uploads\/2023\/02\/Sasov-2-scaled-1-1024x683.jpg\" alt=\"hra \u0161\u00e1\u0161ov komentovan\u00e1 prehliadka\" class=\"wp-image-16424\" srcset=\"https:\/\/regiongron.sk\/en\/wp-content\/uploads\/2023\/02\/Sasov-2-scaled-1-1024x683.jpg 1024w, https:\/\/regiongron.sk\/en\/wp-content\/uploads\/2023\/02\/Sasov-2-scaled-1-600x400.jpg 600w, https:\/\/regiongron.sk\/en\/wp-content\/uploads\/2023\/02\/Sasov-2-scaled-1-768x512.jpg 768w, https:\/\/regiongron.sk\/en\/wp-content\/uploads\/2023\/02\/Sasov-2-scaled-1-1536x1024.jpg 1536w, https:\/\/regiongron.sk\/en\/wp-content\/uploads\/2023\/02\/Sasov-2-scaled-1.jpg 2048w\" sizes=\"auto, (max-width: 1024px) 100vw, 1024px\" \/><\/figure>\n<\/figure>\n\n\n\n<p>Nasledova\u0165 bude interakt\u00edvne divadeln\u00e9 predstavenie o R\u00f3meovi a J\u00falii v podan\u00ed hudobno-divadeln\u00e9ho zoskupenia <strong><a href=\"http:\/\/www.federteater.sk\/\" data-type=\"URL\" data-id=\"http:\/\/www.federteater.sk\/\" target=\"_blank\" rel=\"noreferrer noopener\">F\u00c9DER TE\u00c1TER <\/a>,<\/strong> ktor\u00e9 v\u00e1s vtiahne do \u010dias 16. storo\u010dia.<\/p>\n\n\n\n<figure class=\"wp-block-gallery has-nested-images columns-2 is-cropped wp-block-gallery-2 is-layout-flex wp-block-gallery-is-layout-flex\">\n<figure class=\"wp-block-image size-large\"><img loading=\"lazy\" decoding=\"async\" width=\"1024\" height=\"683\" data-id=\"21988\" src=\"https:\/\/regiongron.sk\/wp-content\/uploads\/2024\/05\/Letny-vecer-Reviste-2023-predstavenie-Romeo-a-Julia-19-1024x683.jpg\" alt=\"\" class=\"wp-image-21988\" srcset=\"https:\/\/regiongron.sk\/en\/wp-content\/uploads\/2024\/05\/Letny-vecer-Reviste-2023-predstavenie-Romeo-a-Julia-19-1024x683.jpg 1024w, https:\/\/regiongron.sk\/en\/wp-content\/uploads\/2024\/05\/Letny-vecer-Reviste-2023-predstavenie-Romeo-a-Julia-19-600x400.jpg 600w, https:\/\/regiongron.sk\/en\/wp-content\/uploads\/2024\/05\/Letny-vecer-Reviste-2023-predstavenie-Romeo-a-Julia-19-768x512.jpg 768w, https:\/\/regiongron.sk\/en\/wp-content\/uploads\/2024\/05\/Letny-vecer-Reviste-2023-predstavenie-Romeo-a-Julia-19-1536x1024.jpg 1536w, https:\/\/regiongron.sk\/en\/wp-content\/uploads\/2024\/05\/Letny-vecer-Reviste-2023-predstavenie-Romeo-a-Julia-19-2048x1365.jpg 2048w, https:\/\/regiongron.sk\/en\/wp-content\/uploads\/2024\/05\/Letny-vecer-Reviste-2023-predstavenie-Romeo-a-Julia-19-scaled.jpg 2560w\" sizes=\"auto, (max-width: 1024px) 100vw, 1024px\" \/><\/figure>\n\n\n\n<figure class=\"wp-block-image size-large\"><img loading=\"lazy\" decoding=\"async\" width=\"1024\" height=\"683\" data-id=\"21994\" src=\"https:\/\/regiongron.sk\/wp-content\/uploads\/2024\/05\/Letny-vecer-Reviste-2023-predstavenie-Romeo-a-Julia-16-1024x683.jpg\" alt=\"\" class=\"wp-image-21994\" srcset=\"https:\/\/regiongron.sk\/en\/wp-content\/uploads\/2024\/05\/Letny-vecer-Reviste-2023-predstavenie-Romeo-a-Julia-16-1024x683.jpg 1024w, https:\/\/regiongron.sk\/en\/wp-content\/uploads\/2024\/05\/Letny-vecer-Reviste-2023-predstavenie-Romeo-a-Julia-16-600x400.jpg 600w, https:\/\/regiongron.sk\/en\/wp-content\/uploads\/2024\/05\/Letny-vecer-Reviste-2023-predstavenie-Romeo-a-Julia-16-768x512.jpg 768w, https:\/\/regiongron.sk\/en\/wp-content\/uploads\/2024\/05\/Letny-vecer-Reviste-2023-predstavenie-Romeo-a-Julia-16-1536x1024.jpg 1536w, https:\/\/regiongron.sk\/en\/wp-content\/uploads\/2024\/05\/Letny-vecer-Reviste-2023-predstavenie-Romeo-a-Julia-16-2048x1365.jpg 2048w, https:\/\/regiongron.sk\/en\/wp-content\/uploads\/2024\/05\/Letny-vecer-Reviste-2023-predstavenie-Romeo-a-Julia-16-scaled.jpg 2560w\" sizes=\"auto, (max-width: 1024px) 100vw, 1024px\" \/><\/figure>\n\n\n\n<figure class=\"wp-block-image size-large\"><img loading=\"lazy\" decoding=\"async\" width=\"1024\" height=\"683\" data-id=\"21989\" src=\"https:\/\/regiongron.sk\/wp-content\/uploads\/2024\/05\/Letny-vecer-Reviste-2023-predstavenie-Romeo-a-Julia-21-1024x683.jpg\" alt=\"\" class=\"wp-image-21989\" srcset=\"https:\/\/regiongron.sk\/en\/wp-content\/uploads\/2024\/05\/Letny-vecer-Reviste-2023-predstavenie-Romeo-a-Julia-21-1024x683.jpg 1024w, https:\/\/regiongron.sk\/en\/wp-content\/uploads\/2024\/05\/Letny-vecer-Reviste-2023-predstavenie-Romeo-a-Julia-21-600x400.jpg 600w, https:\/\/regiongron.sk\/en\/wp-content\/uploads\/2024\/05\/Letny-vecer-Reviste-2023-predstavenie-Romeo-a-Julia-21-768x512.jpg 768w, https:\/\/regiongron.sk\/en\/wp-content\/uploads\/2024\/05\/Letny-vecer-Reviste-2023-predstavenie-Romeo-a-Julia-21-1536x1024.jpg 1536w, https:\/\/regiongron.sk\/en\/wp-content\/uploads\/2024\/05\/Letny-vecer-Reviste-2023-predstavenie-Romeo-a-Julia-21-2048x1365.jpg 2048w, https:\/\/regiongron.sk\/en\/wp-content\/uploads\/2024\/05\/Letny-vecer-Reviste-2023-predstavenie-Romeo-a-Julia-21-scaled.jpg 2560w\" sizes=\"auto, (max-width: 1024px) 100vw, 1024px\" \/><\/figure>\n\n\n\n<figure class=\"wp-block-image size-large\"><img loading=\"lazy\" decoding=\"async\" width=\"1024\" height=\"683\" data-id=\"21991\" src=\"https:\/\/regiongron.sk\/wp-content\/uploads\/2024\/05\/Letny-vecer-Reviste-2023-predstavenie-Romeo-a-Julia-23-1024x683.jpg\" alt=\"\" class=\"wp-image-21991\" srcset=\"https:\/\/regiongron.sk\/en\/wp-content\/uploads\/2024\/05\/Letny-vecer-Reviste-2023-predstavenie-Romeo-a-Julia-23-1024x683.jpg 1024w, https:\/\/regiongron.sk\/en\/wp-content\/uploads\/2024\/05\/Letny-vecer-Reviste-2023-predstavenie-Romeo-a-Julia-23-600x400.jpg 600w, https:\/\/regiongron.sk\/en\/wp-content\/uploads\/2024\/05\/Letny-vecer-Reviste-2023-predstavenie-Romeo-a-Julia-23-768x512.jpg 768w, https:\/\/regiongron.sk\/en\/wp-content\/uploads\/2024\/05\/Letny-vecer-Reviste-2023-predstavenie-Romeo-a-Julia-23-1536x1024.jpg 1536w, https:\/\/regiongron.sk\/en\/wp-content\/uploads\/2024\/05\/Letny-vecer-Reviste-2023-predstavenie-Romeo-a-Julia-23-2048x1365.jpg 2048w, https:\/\/regiongron.sk\/en\/wp-content\/uploads\/2024\/05\/Letny-vecer-Reviste-2023-predstavenie-Romeo-a-Julia-23-scaled.jpg 2560w\" sizes=\"auto, (max-width: 1024px) 100vw, 1024px\" \/><\/figure>\n<\/figure>\n\n\n\n<p>Ve\u010der zakon\u010d\u00edme OCHUTN\u00c1VKOU V\u00cdN z Hronsk\u00e9ho Be\u0148adiku.<\/p>\n\n\n\n<figure class=\"wp-block-gallery aligncenter has-nested-images columns-2 is-cropped wp-block-gallery-3 is-layout-flex wp-block-gallery-is-layout-flex\">\n<figure class=\"wp-block-image size-large\"><img loading=\"lazy\" decoding=\"async\" width=\"1024\" height=\"683\" data-id=\"21992\" src=\"https:\/\/regiongron.sk\/wp-content\/uploads\/2024\/05\/DSC01784-1024x683.jpg\" alt=\"\" class=\"wp-image-21992\" srcset=\"https:\/\/regiongron.sk\/en\/wp-content\/uploads\/2024\/05\/DSC01784-1024x683.jpg 1024w, https:\/\/regiongron.sk\/en\/wp-content\/uploads\/2024\/05\/DSC01784-600x400.jpg 600w, https:\/\/regiongron.sk\/en\/wp-content\/uploads\/2024\/05\/DSC01784-768x512.jpg 768w, https:\/\/regiongron.sk\/en\/wp-content\/uploads\/2024\/05\/DSC01784-1536x1024.jpg 1536w, https:\/\/regiongron.sk\/en\/wp-content\/uploads\/2024\/05\/DSC01784-2048x1365.jpg 2048w, https:\/\/regiongron.sk\/en\/wp-content\/uploads\/2024\/05\/DSC01784-scaled.jpg 2560w\" sizes=\"auto, (max-width: 1024px) 100vw, 1024px\" \/><\/figure>\n\n\n\n<figure class=\"wp-block-image size-large\"><img loading=\"lazy\" decoding=\"async\" width=\"1024\" height=\"683\" data-id=\"21985\" src=\"https:\/\/regiongron.sk\/wp-content\/uploads\/2024\/05\/Putovanie-za-benadickym-vinom-11-1024x683.jpg\" alt=\"\" class=\"wp-image-21985\" srcset=\"https:\/\/regiongron.sk\/en\/wp-content\/uploads\/2024\/05\/Putovanie-za-benadickym-vinom-11-1024x683.jpg 1024w, https:\/\/regiongron.sk\/en\/wp-content\/uploads\/2024\/05\/Putovanie-za-benadickym-vinom-11-600x400.jpg 600w, https:\/\/regiongron.sk\/en\/wp-content\/uploads\/2024\/05\/Putovanie-za-benadickym-vinom-11-768x512.jpg 768w, https:\/\/regiongron.sk\/en\/wp-content\/uploads\/2024\/05\/Putovanie-za-benadickym-vinom-11-1536x1024.jpg 1536w, https:\/\/regiongron.sk\/en\/wp-content\/uploads\/2024\/05\/Putovanie-za-benadickym-vinom-11-2048x1365.jpg 2048w, https:\/\/regiongron.sk\/en\/wp-content\/uploads\/2024\/05\/Putovanie-za-benadickym-vinom-11-scaled.jpg 2560w\" sizes=\"auto, (max-width: 1024px) 100vw, 1024px\" \/><\/figure>\n\n\n\n<figure class=\"wp-block-image size-large\"><img loading=\"lazy\" decoding=\"async\" width=\"1024\" height=\"683\" data-id=\"21986\" src=\"https:\/\/regiongron.sk\/wp-content\/uploads\/2024\/05\/putovanie-za-benadickym-vinom-2023-foto-cakovsky-29-1024x683.jpg\" alt=\"\" class=\"wp-image-21986\" srcset=\"https:\/\/regiongron.sk\/en\/wp-content\/uploads\/2024\/05\/putovanie-za-benadickym-vinom-2023-foto-cakovsky-29-1024x683.jpg 1024w, https:\/\/regiongron.sk\/en\/wp-content\/uploads\/2024\/05\/putovanie-za-benadickym-vinom-2023-foto-cakovsky-29-600x400.jpg 600w, https:\/\/regiongron.sk\/en\/wp-content\/uploads\/2024\/05\/putovanie-za-benadickym-vinom-2023-foto-cakovsky-29-768x512.jpg 768w, https:\/\/regiongron.sk\/en\/wp-content\/uploads\/2024\/05\/putovanie-za-benadickym-vinom-2023-foto-cakovsky-29-1536x1024.jpg 1536w, https:\/\/regiongron.sk\/en\/wp-content\/uploads\/2024\/05\/putovanie-za-benadickym-vinom-2023-foto-cakovsky-29-2048x1365.jpg 2048w, https:\/\/regiongron.sk\/en\/wp-content\/uploads\/2024\/05\/putovanie-za-benadickym-vinom-2023-foto-cakovsky-29-scaled.jpg 2560w\" sizes=\"auto, (max-width: 1024px) 100vw, 1024px\" \/><\/figure>\n\n\n\n<figure class=\"wp-block-image size-large\"><img loading=\"lazy\" decoding=\"async\" width=\"1024\" height=\"683\" data-id=\"21987\" src=\"https:\/\/regiongron.sk\/wp-content\/uploads\/2024\/05\/putovanie-za-benadickym-vinom-2023-foto-cakovsky-16-1024x683.jpg\" alt=\"\" class=\"wp-image-21987\" srcset=\"https:\/\/regiongron.sk\/en\/wp-content\/uploads\/2024\/05\/putovanie-za-benadickym-vinom-2023-foto-cakovsky-16-1024x683.jpg 1024w, https:\/\/regiongron.sk\/en\/wp-content\/uploads\/2024\/05\/putovanie-za-benadickym-vinom-2023-foto-cakovsky-16-600x400.jpg 600w, https:\/\/regiongron.sk\/en\/wp-content\/uploads\/2024\/05\/putovanie-za-benadickym-vinom-2023-foto-cakovsky-16-768x512.jpg 768w, https:\/\/regiongron.sk\/en\/wp-content\/uploads\/2024\/05\/putovanie-za-benadickym-vinom-2023-foto-cakovsky-16-1536x1024.jpg 1536w, https:\/\/regiongron.sk\/en\/wp-content\/uploads\/2024\/05\/putovanie-za-benadickym-vinom-2023-foto-cakovsky-16-2048x1365.jpg 2048w, https:\/\/regiongron.sk\/en\/wp-content\/uploads\/2024\/05\/putovanie-za-benadickym-vinom-2023-foto-cakovsky-16-scaled.jpg 2560w\" sizes=\"auto, (max-width: 1024px) 100vw, 1024px\" \/><\/figure>\n<\/figure>\n\n\n\n<p><span style=\"color: #000000;\"><strong>TERM\u00cdN PREHLIADKY:<\/strong><\/span><\/p>\n\n\n\n<p><span style=\"color: #000000;\"><strong>22.6. 202<\/strong><\/span><strong>4<\/strong><strong>, 18:00<\/strong><\/p>\n\n\n\n<p><strong>DOBA TRVANIA:<\/strong><\/p>\n\n\n\n<p>pribli\u017ene 2-3 hodiny<\/p>\n\n\n\n<p><strong>CENA Z\u00c1\u017dITKU:<\/strong> 13\u20ac \/ osoba (v cene je i ochutn\u00e1vka produktov z ar\u00f3nie vr\u00e1tane alkoholick\u00fdch n\u00e1pojov)<\/p>\n\n\n\n<p>Vhodn\u00e9 pre deti od 10 rokov.<\/p>\n\n\n\n<p><span style=\"color: #000000;\">Odpor\u00fa\u010dame si <strong>rezervova\u0165 vstupenku<\/strong> na ni\u017e\u0161ie uvedenej str\u00e1nke. Je v\u0161ak mo\u017en\u00e9 pr\u00eds\u0165 aj priamo na miesto bez rezerv\u00e1cie.<\/span><\/p>\n\n\n\n<p><span style=\"color: #000000;\"><strong>REZERV\u00c1CIA VSTUPENIEK: <span style=\"color: #ff0000;\"><a href=\"https:\/\/zazitky.zahoramizadolami.sk\/sk\/letny-vecer-na-hrade-sasov\" data-type=\"URL\" data-id=\"https:\/\/zazitky.zahoramizadolami.sk\/sk\/letny-vecer-na-hrade-sasov\" target=\"_blank\" rel=\"noreferrer noopener\">www.zahoramizadolami.sk<\/a><\/span><\/strong><\/span><\/p>\n\n\n\n<p><span style=\"color: #000000;\"><strong>ORGANIZA\u010cN\u00c9 POKYNY:<\/strong><\/span><\/p>\n\n\n\n<ul class=\"wp-block-list\">\n<li><span style=\"color: #000000;\">Miesto stretnutia je pod hradom pri pam\u00e4tnej izbe o&nbsp;<strong>18:00 hod.<\/strong><\/span><\/li>\n\n\n\n<li><span style=\"color: #000000;\">Doprava k hradu je individu\u00e1lna.<\/span><\/li>\n\n\n\n<li><span style=\"color: #000000;\">Parkovanie je pod hradom popri ceste pod skaln\u00fdm bralom. Z parkoviska je to na hrad <strong>30 min<\/strong>&nbsp;ch\u00f4dze stredne n\u00e1ro\u010dnou lesnou cestou. V\u00fdstup na hrad je s\u00fa\u010das\u0165ou prehliadky.<\/span><\/li>\n\n\n\n<li><span style=\"color: #000000;\"><strong>UPOZORNENIE: <\/strong>Je potrebn\u00e9 prinies\u0165 si pevn\u00fa obuv a vhodn\u00e9 oble\u010denie aj do nepriazniv\u00e9ho po\u010dasia. V pr\u00edpade extr\u00e9mne zl\u00e9ho po\u010dasia sa prehliadka ru\u0161\u00ed a uskuto\u010dn\u00ed sa v n\u00e1hradnom term\u00edne.<\/span><\/li>\n<\/ul>\n\n\n\n<figure class=\"wp-block-gallery has-nested-images columns-3 is-cropped wp-block-gallery-4 is-layout-flex wp-block-gallery-is-layout-flex\">\n<figure class=\"wp-block-image size-large\"><img loading=\"lazy\" decoding=\"async\" width=\"1024\" height=\"683\" data-id=\"16868\" src=\"https:\/\/regiongron.sk\/wp-content\/uploads\/2023\/02\/hrad-sasov-17-scaled-1-1024x683.jpg\" alt=\"\" class=\"wp-image-16868\" srcset=\"https:\/\/regiongron.sk\/en\/wp-content\/uploads\/2023\/02\/hrad-sasov-17-scaled-1-1024x683.jpg 1024w, https:\/\/regiongron.sk\/en\/wp-content\/uploads\/2023\/02\/hrad-sasov-17-scaled-1-600x400.jpg 600w, https:\/\/regiongron.sk\/en\/wp-content\/uploads\/2023\/02\/hrad-sasov-17-scaled-1-768x512.jpg 768w, https:\/\/regiongron.sk\/en\/wp-content\/uploads\/2023\/02\/hrad-sasov-17-scaled-1-1536x1024.jpg 1536w, https:\/\/regiongron.sk\/en\/wp-content\/uploads\/2023\/02\/hrad-sasov-17-scaled-1.jpg 2048w\" sizes=\"auto, (max-width: 1024px) 100vw, 1024px\" \/><\/figure>\n\n\n\n<figure class=\"wp-block-image size-large\"><img loading=\"lazy\" decoding=\"async\" width=\"1024\" height=\"683\" data-id=\"16858\" src=\"https:\/\/regiongron.sk\/wp-content\/uploads\/2023\/02\/hrad-sasov-31-scaled-1-1024x683.jpg\" alt=\"\" class=\"wp-image-16858\" srcset=\"https:\/\/regiongron.sk\/en\/wp-content\/uploads\/2023\/02\/hrad-sasov-31-scaled-1-1024x683.jpg 1024w, https:\/\/regiongron.sk\/en\/wp-content\/uploads\/2023\/02\/hrad-sasov-31-scaled-1-600x400.jpg 600w, https:\/\/regiongron.sk\/en\/wp-content\/uploads\/2023\/02\/hrad-sasov-31-scaled-1-768x512.jpg 768w, https:\/\/regiongron.sk\/en\/wp-content\/uploads\/2023\/02\/hrad-sasov-31-scaled-1-1536x1024.jpg 1536w, https:\/\/regiongron.sk\/en\/wp-content\/uploads\/2023\/02\/hrad-sasov-31-scaled-1.jpg 2048w\" sizes=\"auto, (max-width: 1024px) 100vw, 1024px\" \/><\/figure>\n\n\n\n<figure class=\"wp-block-image size-large\"><img loading=\"lazy\" decoding=\"async\" width=\"1024\" height=\"683\" data-id=\"16865\" src=\"https:\/\/regiongron.sk\/wp-content\/uploads\/2023\/02\/hrad-sasov-32-scaled-1-1024x683.jpg\" alt=\"hrad \u0161\u00e1\u0161ov\" class=\"wp-image-16865\" srcset=\"https:\/\/regiongron.sk\/en\/wp-content\/uploads\/2023\/02\/hrad-sasov-32-scaled-1-1024x683.jpg 1024w, https:\/\/regiongron.sk\/en\/wp-content\/uploads\/2023\/02\/hrad-sasov-32-scaled-1-600x400.jpg 600w, https:\/\/regiongron.sk\/en\/wp-content\/uploads\/2023\/02\/hrad-sasov-32-scaled-1-768x512.jpg 768w, https:\/\/regiongron.sk\/en\/wp-content\/uploads\/2023\/02\/hrad-sasov-32-scaled-1-1536x1024.jpg 1536w, https:\/\/regiongron.sk\/en\/wp-content\/uploads\/2023\/02\/hrad-sasov-32-scaled-1.jpg 2048w\" sizes=\"auto, (max-width: 1024px) 100vw, 1024px\" \/><\/figure>\n\n\n\n<figure class=\"wp-block-image size-large\"><img loading=\"lazy\" decoding=\"async\" width=\"1024\" height=\"683\" data-id=\"16859\" src=\"https:\/\/regiongron.sk\/wp-content\/uploads\/2023\/02\/hrad-sasov-scaled-1-1024x683.jpg\" alt=\"\" class=\"wp-image-16859\" srcset=\"https:\/\/regiongron.sk\/en\/wp-content\/uploads\/2023\/02\/hrad-sasov-scaled-1-1024x683.jpg 1024w, https:\/\/regiongron.sk\/en\/wp-content\/uploads\/2023\/02\/hrad-sasov-scaled-1-600x400.jpg 600w, https:\/\/regiongron.sk\/en\/wp-content\/uploads\/2023\/02\/hrad-sasov-scaled-1-768x512.jpg 768w, https:\/\/regiongron.sk\/en\/wp-content\/uploads\/2023\/02\/hrad-sasov-scaled-1-1536x1024.jpg 1536w, https:\/\/regiongron.sk\/en\/wp-content\/uploads\/2023\/02\/hrad-sasov-scaled-1.jpg 2048w\" sizes=\"auto, (max-width: 1024px) 100vw, 1024px\" \/><\/figure>\n\n\n\n<figure class=\"wp-block-image size-large\"><img loading=\"lazy\" decoding=\"async\" width=\"1024\" height=\"683\" data-id=\"16429\" src=\"https:\/\/regiongron.sk\/wp-content\/uploads\/2023\/02\/2020-06-03-Hradna-cesta-Sasov-086-scaled-2-1024x683.jpg\" alt=\"hrad \u0161\u00e1\u0161ov\" class=\"wp-image-16429\" srcset=\"https:\/\/regiongron.sk\/en\/wp-content\/uploads\/2023\/02\/2020-06-03-Hradna-cesta-Sasov-086-scaled-2-1024x683.jpg 1024w, https:\/\/regiongron.sk\/en\/wp-content\/uploads\/2023\/02\/2020-06-03-Hradna-cesta-Sasov-086-scaled-2-600x400.jpg 600w, https:\/\/regiongron.sk\/en\/wp-content\/uploads\/2023\/02\/2020-06-03-Hradna-cesta-Sasov-086-scaled-2-768x512.jpg 768w, https:\/\/regiongron.sk\/en\/wp-content\/uploads\/2023\/02\/2020-06-03-Hradna-cesta-Sasov-086-scaled-2-1536x1024.jpg 1536w, https:\/\/regiongron.sk\/en\/wp-content\/uploads\/2023\/02\/2020-06-03-Hradna-cesta-Sasov-086-scaled-2.jpg 2048w\" sizes=\"auto, (max-width: 1024px) 100vw, 1024px\" \/><\/figure>\n\n\n\n<figure class=\"wp-block-image size-large\"><img loading=\"lazy\" decoding=\"async\" width=\"1024\" height=\"683\" data-id=\"16866\" src=\"https:\/\/regiongron.sk\/wp-content\/uploads\/2023\/02\/hrad-sasov-14-scaled-1-1024x683.jpg\" alt=\"\" class=\"wp-image-16866\" srcset=\"https:\/\/regiongron.sk\/en\/wp-content\/uploads\/2023\/02\/hrad-sasov-14-scaled-1-1024x683.jpg 1024w, https:\/\/regiongron.sk\/en\/wp-content\/uploads\/2023\/02\/hrad-sasov-14-scaled-1-600x400.jpg 600w, https:\/\/regiongron.sk\/en\/wp-content\/uploads\/2023\/02\/hrad-sasov-14-scaled-1-768x512.jpg 768w, https:\/\/regiongron.sk\/en\/wp-content\/uploads\/2023\/02\/hrad-sasov-14-scaled-1-1536x1024.jpg 1536w, https:\/\/regiongron.sk\/en\/wp-content\/uploads\/2023\/02\/hrad-sasov-14-scaled-1.jpg 2048w\" sizes=\"auto, (max-width: 1024px) 100vw, 1024px\" \/><\/figure>\n\n\n\n<figure class=\"wp-block-image size-large\"><img loading=\"lazy\" decoding=\"async\" width=\"1024\" height=\"683\" data-id=\"16869\" src=\"https:\/\/regiongron.sk\/wp-content\/uploads\/2023\/02\/DSC00695-scaled-1-1024x683.jpg\" alt=\"\" class=\"wp-image-16869\" srcset=\"https:\/\/regiongron.sk\/en\/wp-content\/uploads\/2023\/02\/DSC00695-scaled-1-1024x683.jpg 1024w, https:\/\/regiongron.sk\/en\/wp-content\/uploads\/2023\/02\/DSC00695-scaled-1-600x400.jpg 600w, https:\/\/regiongron.sk\/en\/wp-content\/uploads\/2023\/02\/DSC00695-scaled-1-768x512.jpg 768w, https:\/\/regiongron.sk\/en\/wp-content\/uploads\/2023\/02\/DSC00695-scaled-1-1536x1025.jpg 1536w, https:\/\/regiongron.sk\/en\/wp-content\/uploads\/2023\/02\/DSC00695-scaled-1.jpg 2048w\" sizes=\"auto, (max-width: 1024px) 100vw, 1024px\" \/><\/figure>\n\n\n\n<figure class=\"wp-block-image size-large\"><img loading=\"lazy\" decoding=\"async\" width=\"1024\" height=\"683\" data-id=\"16870\" src=\"https:\/\/regiongron.sk\/wp-content\/uploads\/2023\/02\/DSC00615-scaled-1-1024x683.jpg\" alt=\"\" class=\"wp-image-16870\" srcset=\"https:\/\/regiongron.sk\/en\/wp-content\/uploads\/2023\/02\/DSC00615-scaled-1-1024x683.jpg 1024w, https:\/\/regiongron.sk\/en\/wp-content\/uploads\/2023\/02\/DSC00615-scaled-1-600x400.jpg 600w, https:\/\/regiongron.sk\/en\/wp-content\/uploads\/2023\/02\/DSC00615-scaled-1-768x512.jpg 768w, https:\/\/regiongron.sk\/en\/wp-content\/uploads\/2023\/02\/DSC00615-scaled-1-1536x1025.jpg 1536w, https:\/\/regiongron.sk\/en\/wp-content\/uploads\/2023\/02\/DSC00615-scaled-1.jpg 2048w\" sizes=\"auto, (max-width: 1024px) 100vw, 1024px\" \/><\/figure>\n\n\n\n<figure class=\"wp-block-image size-large\"><img loading=\"lazy\" decoding=\"async\" width=\"1024\" height=\"683\" data-id=\"16425\" src=\"https:\/\/regiongron.sk\/wp-content\/uploads\/2023\/02\/Sasov-2-scaled-2-1024x683.jpg\" alt=\"hrad \u0161\u00e1\u0161ov\" class=\"wp-image-16425\" srcset=\"https:\/\/regiongron.sk\/en\/wp-content\/uploads\/2023\/02\/Sasov-2-scaled-2-1024x683.jpg 1024w, https:\/\/regiongron.sk\/en\/wp-content\/uploads\/2023\/02\/Sasov-2-scaled-2-600x400.jpg 600w, https:\/\/regiongron.sk\/en\/wp-content\/uploads\/2023\/02\/Sasov-2-scaled-2-768x512.jpg 768w, https:\/\/regiongron.sk\/en\/wp-content\/uploads\/2023\/02\/Sasov-2-scaled-2-1536x1024.jpg 1536w, https:\/\/regiongron.sk\/en\/wp-content\/uploads\/2023\/02\/Sasov-2-scaled-2.jpg 2048w\" sizes=\"auto, (max-width: 1024px) 100vw, 1024px\" \/><\/figure>\n<\/figure>\n\n\n<p><iframe loading=\"lazy\" style=\"border:none\" src=\"https:\/\/sk.frame.mapy.cz\/s\/buherehuza\" width=\"100%\" height=\"280\" frameborder=\"0\"><\/iframe><\/p>\n\n\n\n<p>Marketingov\u00e9 aktivity OOCR Regi\u00f3n GRON s\u00fa realizovan\u00e9 s finan\u010dnou podporou&nbsp;<strong><a href=\"https:\/\/www.mincrs.sk\">Ministerstva cestovn\u00e9ho ruchu a \u0161portu Slovenskej republiky<\/a><\/strong>.<\/p>\n\n\n\n<figure class=\"wp-block-image size-large is-resized\"><img loading=\"lazy\" decoding=\"async\" width=\"1024\" height=\"410\" src=\"https:\/\/regiongron.sk\/wp-content\/uploads\/2024\/03\/Ministerstvo_cestovneho-ruchu-a-sportu_SR_SK_Farebne-4-1024x410.png\" alt=\"\" class=\"wp-image-21428\" style=\"width:250px\" srcset=\"https:\/\/regiongron.sk\/en\/wp-content\/uploads\/2024\/03\/Ministerstvo_cestovneho-ruchu-a-sportu_SR_SK_Farebne-4-1024x410.png 1024w, https:\/\/regiongron.sk\/en\/wp-content\/uploads\/2024\/03\/Ministerstvo_cestovneho-ruchu-a-sportu_SR_SK_Farebne-4-600x240.png 600w, https:\/\/regiongron.sk\/en\/wp-content\/uploads\/2024\/03\/Ministerstvo_cestovneho-ruchu-a-sportu_SR_SK_Farebne-4-768x307.png 768w, https:\/\/regiongron.sk\/en\/wp-content\/uploads\/2024\/03\/Ministerstvo_cestovneho-ruchu-a-sportu_SR_SK_Farebne-4-1536x615.png 1536w, https:\/\/regiongron.sk\/en\/wp-content\/uploads\/2024\/03\/Ministerstvo_cestovneho-ruchu-a-sportu_SR_SK_Farebne-4-2048x820.png 2048w, https:\/\/regiongron.sk\/en\/wp-content\/uploads\/2024\/03\/Ministerstvo_cestovneho-ruchu-a-sportu_SR_SK_Farebne-4.png 2953w\" sizes=\"auto, (max-width: 1024px) 100vw, 1024px\" \/><\/figure>\n\n\n\n\n","protected":false},"excerpt":{"rendered":"<p>LETN\u00dd VE\u010cER NA HRADE S DIVADLOM A OCHUTN\u00c1VKOU V\u00cdN Pr\u00ed\u010fte za\u017ei\u0165 letn\u00fd ve\u010der na hrade. \u010cak\u00e1 v\u00e1s ve\u010dern\u00e1 komentovan\u00e1 prehliadka s\u00a0odborn\u00fdm v\u00fdkladom, ktorou v\u00e1s prevedie samotn\u00fd hradn\u00fd p\u00e1n Ing. Rastislav Uhrovi\u010d.\u00a0 Prehliadku za\u010dneme v pam\u00e4tnej izbe pod hradom, kde nahliadneme do dom\u00e1cnost\u00ed tunaj\u0161\u00edch obyvate\u013eov. \u010cak\u00e1 n\u00e1s nen\u00e1ro\u010dn\u00fd v\u00fdstup a mno\u017estvo zauj\u00edmav\u00fdch inform\u00e1ci\u00ed o tom, ako [&hellip;]<\/p>\n","protected":false},"author":2,"featured_media":17665,"comment_status":"open","ping_status":"open","sticky":false,"template":"","format":"standard","meta":{"_acf_changed":false,"inline_featured_image":false,"_uag_custom_page_level_css":"","footnotes":""},"categories":[45],"tags":[],"class_list":["post-21431","post","type-post","status-publish","format-standard","has-post-thumbnail","hentry","category-rezervuj-si-zazitok"],"acf":[],"uagb_featured_image_src":{"full":["https:\/\/regiongron.sk\/en\/wp-content\/uploads\/2023\/03\/SasovAlbertRegionGRON20203.jpg",1600,1066,false],"thumbnail":["https:\/\/regiongron.sk\/en\/wp-content\/uploads\/2023\/03\/SasovAlbertRegionGRON20203-400x400.jpg",400,400,true],"medium":["https:\/\/regiongron.sk\/en\/wp-content\/uploads\/2023\/03\/SasovAlbertRegionGRON20203-600x400.jpg",600,400,true],"medium_large":["https:\/\/regiongron.sk\/en\/wp-content\/uploads\/2023\/03\/SasovAlbertRegionGRON20203-768x512.jpg",768,512,true],"large":["https:\/\/regiongron.sk\/en\/wp-content\/uploads\/2023\/03\/SasovAlbertRegionGRON20203-1024x682.jpg",1024,682,true],"1536x1536":["https:\/\/regiongron.sk\/en\/wp-content\/uploads\/2023\/03\/SasovAlbertRegionGRON20203-1536x1023.jpg",1536,1023,true],"2048x2048":["https:\/\/regiongron.sk\/en\/wp-content\/uploads\/2023\/03\/SasovAlbertRegionGRON20203.jpg",1600,1066,false]},"uagb_author_info":{"display_name":"regiongron","author_link":"https:\/\/regiongron.sk\/en\/author\/regiongron\/"},"uagb_comment_info":0,"uagb_excerpt":"LETN\u00dd VE\u010cER NA HRADE S DIVADLOM A OCHUTN\u00c1VKOU V\u00cdN Pr\u00ed\u010fte za\u017ei\u0165 letn\u00fd ve\u010der na hrade. \u010cak\u00e1 v\u00e1s ve\u010dern\u00e1 komentovan\u00e1 prehliadka s\u00a0odborn\u00fdm v\u00fdkladom, ktorou v\u00e1s prevedie samotn\u00fd hradn\u00fd p\u00e1n Ing. Rastislav Uhrovi\u010d.\u00a0 Prehliadku za\u010dneme v pam\u00e4tnej izbe pod hradom, kde nahliadneme do dom\u00e1cnost\u00ed tunaj\u0161\u00edch obyvate\u013eov. \u010cak\u00e1 n\u00e1s nen\u00e1ro\u010dn\u00fd v\u00fdstup a mno\u017estvo zauj\u00edmav\u00fdch inform\u00e1ci\u00ed o tom, ako&hellip;","_links":{"self":[{"href":"https:\/\/regiongron.sk\/en\/wp-json\/wp\/v2\/posts\/21431","targetHints":{"allow":["GET"]}}],"collection":[{"href":"https:\/\/regiongron.sk\/en\/wp-json\/wp\/v2\/posts"}],"about":[{"href":"https:\/\/regiongron.sk\/en\/wp-json\/wp\/v2\/types\/post"}],"author":[{"embeddable":true,"href":"https:\/\/regiongron.sk\/en\/wp-json\/wp\/v2\/users\/2"}],"replies":[{"embeddable":true,"href":"https:\/\/regiongron.sk\/en\/wp-json\/wp\/v2\/comments?post=21431"}],"version-history":[{"count":4,"href":"https:\/\/regiongron.sk\/en\/wp-json\/wp\/v2\/posts\/21431\/revisions"}],"predecessor-version":[{"id":21996,"href":"https:\/\/regiongron.sk\/en\/wp-json\/wp\/v2\/posts\/21431\/revisions\/21996"}],"wp:featuredmedia":[{"embeddable":true,"href":"https:\/\/regiongron.sk\/en\/wp-json\/wp\/v2\/media\/17665"}],"wp:attachment":[{"href":"https:\/\/regiongron.sk\/en\/wp-json\/wp\/v2\/media?parent=21431"}],"wp:term":[{"taxonomy":"category","embeddable":true,"href":"https:\/\/regiongron.sk\/en\/wp-json\/wp\/v2\/categories?post=21431"},{"taxonomy":"post_tag","embeddable":true,"href":"https:\/\/regiongron.sk\/en\/wp-json\/wp\/v2\/tags?post=21431"}],"curies":[{"name":"wp","href":"https:\/\/api.w.org\/{rel}","templated":true}]}}