{"id":22010,"date":"2024-05-28T10:03:49","date_gmt":"2024-05-28T08:03:49","guid":{"rendered":"https:\/\/regiongron.sk\/?p=22010"},"modified":"2024-05-28T10:16:50","modified_gmt":"2024-05-28T08:16:50","slug":"vyprava-na-hrad-sasov-17-8-2024","status":"publish","type":"post","link":"https:\/\/regiongron.sk\/en\/vyprava-na-hrad-sasov-17-8-2024\/","title":{"rendered":"V\u00ddPRAVA NA HRAD \u0160\u00c1\u0160OV, 17.8.2024"},"content":{"rendered":"<div class=\"wp-block-image\">\n<figure class=\"aligncenter size-large\"><img loading=\"lazy\" decoding=\"async\" width=\"1024\" height=\"722\" src=\"https:\/\/regiongron.sk\/wp-content\/uploads\/2024\/05\/Artboard-6-100-1024x722.jpg\" alt=\"\" class=\"wp-image-22011\" srcset=\"https:\/\/regiongron.sk\/en\/wp-content\/uploads\/2024\/05\/Artboard-6-100-1024x722.jpg 1024w, https:\/\/regiongron.sk\/en\/wp-content\/uploads\/2024\/05\/Artboard-6-100-600x423.jpg 600w, https:\/\/regiongron.sk\/en\/wp-content\/uploads\/2024\/05\/Artboard-6-100-768x541.jpg 768w, https:\/\/regiongron.sk\/en\/wp-content\/uploads\/2024\/05\/Artboard-6-100-1536x1082.jpg 1536w, https:\/\/regiongron.sk\/en\/wp-content\/uploads\/2024\/05\/Artboard-6-100-2048x1443.jpg 2048w, https:\/\/regiongron.sk\/en\/wp-content\/uploads\/2024\/05\/Artboard-6-100-scaled.jpg 2560w\" sizes=\"auto, (max-width: 1024px) 100vw, 1024px\" \/><\/figure>\n<\/div>\n\n\n<p><strong>V\u00ddPRAVA NA HRAD \u0160\u00c1\u0160OV S H\u00c1DANKAMI A ODMENOU<\/strong><\/p>\n\n\n\n<p>Kde bolo tam bolo, za horami za dolami, vyp\u00ednal sa na kopci hrad, ktor\u00fd v roku 1424 dostala do vienka kr\u00e1\u013eovn\u00e1 Barbora Celjsk\u00e1 od svojho man\u017eela kr\u00e1\u013ea \u017digmunda Luxembursk\u00e9ho.<\/p>\n\n\n\n<p>Vyber sa na cestu spozn\u00e1vania hradu \u0160\u00e1\u0161ov a pomocou zauj\u00edmav\u00fdch \u00faloh a h\u00e1daniek objavuj jeho skryt\u00e9 z\u00e1kutia. \u010cak\u00e1 \u0165a nielen z\u00e1bava, ale aj mal\u00e1 odmena.<\/p>\n\n\n\n<figure class=\"wp-block-gallery aligncenter has-nested-images columns-default is-cropped wp-block-gallery-1 is-layout-flex wp-block-gallery-is-layout-flex\">\n<figure class=\"wp-block-image size-large\"><img loading=\"lazy\" decoding=\"async\" width=\"1024\" height=\"683\" data-id=\"17666\" src=\"https:\/\/regiongron.sk\/wp-content\/uploads\/2023\/03\/hrad-sasov-11-scaled-1024x683.jpg\" alt=\"hrad-sasov\" class=\"wp-image-17666\" srcset=\"https:\/\/regiongron.sk\/en\/wp-content\/uploads\/2023\/03\/hrad-sasov-11-scaled-1024x683.jpg 1024w, https:\/\/regiongron.sk\/en\/wp-content\/uploads\/2023\/03\/hrad-sasov-11-scaled-600x400.jpg 600w, https:\/\/regiongron.sk\/en\/wp-content\/uploads\/2023\/03\/hrad-sasov-11-scaled-768x512.jpg 768w, https:\/\/regiongron.sk\/en\/wp-content\/uploads\/2023\/03\/hrad-sasov-11-scaled-1536x1024.jpg 1536w, https:\/\/regiongron.sk\/en\/wp-content\/uploads\/2023\/03\/hrad-sasov-11-scaled.jpg 2048w\" sizes=\"auto, (max-width: 1024px) 100vw, 1024px\" \/><\/figure>\n\n\n\n<figure class=\"wp-block-image size-large\"><img loading=\"lazy\" decoding=\"async\" width=\"1024\" height=\"683\" data-id=\"22014\" src=\"https:\/\/regiongron.sk\/wp-content\/uploads\/2024\/05\/hrad-sasov-31-1024x683.jpg\" alt=\"hrad-sasov\" class=\"wp-image-22014\" srcset=\"https:\/\/regiongron.sk\/en\/wp-content\/uploads\/2024\/05\/hrad-sasov-31-1024x683.jpg 1024w, https:\/\/regiongron.sk\/en\/wp-content\/uploads\/2024\/05\/hrad-sasov-31-600x400.jpg 600w, https:\/\/regiongron.sk\/en\/wp-content\/uploads\/2024\/05\/hrad-sasov-31-768x512.jpg 768w, https:\/\/regiongron.sk\/en\/wp-content\/uploads\/2024\/05\/hrad-sasov-31-1536x1024.jpg 1536w, https:\/\/regiongron.sk\/en\/wp-content\/uploads\/2024\/05\/hrad-sasov-31-2048x1365.jpg 2048w, https:\/\/regiongron.sk\/en\/wp-content\/uploads\/2024\/05\/hrad-sasov-31-scaled.jpg 2560w\" sizes=\"auto, (max-width: 1024px) 100vw, 1024px\" \/><\/figure>\n<\/figure>\n\n\n\n<p>Na mieste stretnutia z\u00edskate pokyny k v\u00fdprave, potom u\u017e budete postupova\u0165 sami. Cestou v\u00e1s bude sprev\u00e1dza\u0165 aj hradn\u00fd p\u00e1n, ktor\u00fd v\u00e1m poodhal\u00ed minulos\u0165 hradu a poskytne d\u00f4le\u017eit\u00e9 inform\u00e1cie na dokon\u010denie \u00faloh.<\/p>\n\n\n\n<figure class=\"wp-block-gallery aligncenter has-nested-images columns-default is-cropped wp-block-gallery-2 is-layout-flex wp-block-gallery-is-layout-flex\">\n<figure class=\"wp-block-image size-large\"><img loading=\"lazy\" decoding=\"async\" width=\"1024\" height=\"683\" data-id=\"22013\" src=\"https:\/\/regiongron.sk\/wp-content\/uploads\/2024\/05\/hrad-sasov-6-1024x683.jpg\" alt=\"\" class=\"wp-image-22013\" srcset=\"https:\/\/regiongron.sk\/en\/wp-content\/uploads\/2024\/05\/hrad-sasov-6-1024x683.jpg 1024w, https:\/\/regiongron.sk\/en\/wp-content\/uploads\/2024\/05\/hrad-sasov-6-600x400.jpg 600w, https:\/\/regiongron.sk\/en\/wp-content\/uploads\/2024\/05\/hrad-sasov-6-768x512.jpg 768w, https:\/\/regiongron.sk\/en\/wp-content\/uploads\/2024\/05\/hrad-sasov-6-1536x1024.jpg 1536w, https:\/\/regiongron.sk\/en\/wp-content\/uploads\/2024\/05\/hrad-sasov-6-2048x1366.jpg 2048w, https:\/\/regiongron.sk\/en\/wp-content\/uploads\/2024\/05\/hrad-sasov-6-scaled.jpg 2560w\" sizes=\"auto, (max-width: 1024px) 100vw, 1024px\" \/><\/figure>\n\n\n\n<figure class=\"wp-block-image size-large\"><img loading=\"lazy\" decoding=\"async\" width=\"1024\" height=\"683\" data-id=\"22012\" src=\"https:\/\/regiongron.sk\/wp-content\/uploads\/2024\/05\/2020-06-03-Hradna-cesta-Sasov-18-1024x683.jpg\" alt=\"\" class=\"wp-image-22012\" srcset=\"https:\/\/regiongron.sk\/en\/wp-content\/uploads\/2024\/05\/2020-06-03-Hradna-cesta-Sasov-18-1024x683.jpg 1024w, https:\/\/regiongron.sk\/en\/wp-content\/uploads\/2024\/05\/2020-06-03-Hradna-cesta-Sasov-18-600x400.jpg 600w, https:\/\/regiongron.sk\/en\/wp-content\/uploads\/2024\/05\/2020-06-03-Hradna-cesta-Sasov-18-768x512.jpg 768w, https:\/\/regiongron.sk\/en\/wp-content\/uploads\/2024\/05\/2020-06-03-Hradna-cesta-Sasov-18-1536x1024.jpg 1536w, https:\/\/regiongron.sk\/en\/wp-content\/uploads\/2024\/05\/2020-06-03-Hradna-cesta-Sasov-18-2048x1365.jpg 2048w, https:\/\/regiongron.sk\/en\/wp-content\/uploads\/2024\/05\/2020-06-03-Hradna-cesta-Sasov-18-scaled.jpg 2560w\" sizes=\"auto, (max-width: 1024px) 100vw, 1024px\" \/><\/figure>\n<\/figure>\n\n\n\n<p>Ak m\u00e1\u0161 r\u00e1d h\u00e1danky, nev\u00e1haj a pridaj sa k n\u00e1m na hrad \u0160\u00e1\u0161ov, kde \u0165a \u010dak\u00e1 neoby\u010dajn\u00e9 dopoludnie pln\u00e9 z\u00e1bavy a objavovania tajomstiev.<\/p>\n\n\n\n<figure class=\"wp-block-gallery aligncenter has-nested-images columns-default is-cropped wp-block-gallery-3 is-layout-flex wp-block-gallery-is-layout-flex\">\n<figure class=\"wp-block-image size-large\"><img loading=\"lazy\" decoding=\"async\" width=\"1024\" height=\"683\" data-id=\"16864\" src=\"https:\/\/regiongron.sk\/wp-content\/uploads\/2023\/02\/hrad-sasov-30-scaled-1-1024x683.jpg\" alt=\"hrad-sasov\" class=\"wp-image-16864\" srcset=\"https:\/\/regiongron.sk\/en\/wp-content\/uploads\/2023\/02\/hrad-sasov-30-scaled-1-1024x683.jpg 1024w, https:\/\/regiongron.sk\/en\/wp-content\/uploads\/2023\/02\/hrad-sasov-30-scaled-1-600x400.jpg 600w, https:\/\/regiongron.sk\/en\/wp-content\/uploads\/2023\/02\/hrad-sasov-30-scaled-1-768x512.jpg 768w, https:\/\/regiongron.sk\/en\/wp-content\/uploads\/2023\/02\/hrad-sasov-30-scaled-1-1536x1024.jpg 1536w, https:\/\/regiongron.sk\/en\/wp-content\/uploads\/2023\/02\/hrad-sasov-30-scaled-1.jpg 2048w\" sizes=\"auto, (max-width: 1024px) 100vw, 1024px\" \/><\/figure>\n\n\n\n<figure class=\"wp-block-image size-large\"><img loading=\"lazy\" decoding=\"async\" width=\"1024\" height=\"683\" data-id=\"16423\" src=\"https:\/\/regiongron.sk\/wp-content\/uploads\/2023\/02\/Sasov-1-scaled-2-1024x683.jpg\" alt=\"hrad-sasov\" class=\"wp-image-16423\" srcset=\"https:\/\/regiongron.sk\/en\/wp-content\/uploads\/2023\/02\/Sasov-1-scaled-2-1024x683.jpg 1024w, https:\/\/regiongron.sk\/en\/wp-content\/uploads\/2023\/02\/Sasov-1-scaled-2-600x400.jpg 600w, https:\/\/regiongron.sk\/en\/wp-content\/uploads\/2023\/02\/Sasov-1-scaled-2-768x512.jpg 768w, https:\/\/regiongron.sk\/en\/wp-content\/uploads\/2023\/02\/Sasov-1-scaled-2-1536x1024.jpg 1536w, https:\/\/regiongron.sk\/en\/wp-content\/uploads\/2023\/02\/Sasov-1-scaled-2.jpg 2048w\" sizes=\"auto, (max-width: 1024px) 100vw, 1024px\" \/><\/figure>\n<\/figure>\n\n\n\n<p><span style=\"color: #000000;\"><strong>TERM\u00cdN PREHLIADKY:<\/strong><\/span> 17<span style=\"color: #000000;\">.8. 202<\/span>4, 10:00<\/p>\n\n\n\n<p><strong>DOBA TRVANIA:<\/strong> pribli\u017ene 2 hodiny<\/p>\n\n\n\n<p><strong>CENA Z\u00c1\u017dITKU:<\/strong> 8 \u20ac eur die\u0165a, doprovod zdarma<\/p>\n\n\n\n<p><strong>MIESTO STRETNUTIA:<\/strong> Pam\u00e4tn\u00e1 izba pod hradom \u0160\u00e1\u0161ov<\/p>\n\n\n\n<p>Vhodn\u00e9 pre deti od 6 rokov, ktor\u00e9 u\u017e vedia \u010d\u00edta\u0165.<\/p>\n\n\n\n<p><span style=\"color: #000000;\">Odpor\u00fa\u010dame si <strong>rezervova\u0165 vstupenku<\/strong> na ni\u017e\u0161ie uvedenej str\u00e1nke. Je v\u0161ak mo\u017en\u00e9 pr\u00eds\u0165 aj priamo na miesto bez rezerv\u00e1cie.<\/span><\/p>\n\n\n\n<p><span style=\"color: #000000;\"><strong>REZERV\u00c1CIA VSTUPENIEK: <span style=\"color: #ff0000;\"><a href=\"https:\/\/zazitky.zahoramizadolami.sk\/sk\/vyprava-na-hrad-sasov\" data-type=\"URL\" data-id=\"https:\/\/zazitky.zahoramizadolami.sk\/sk\/letny-vecer-na-hrade-sasov\" target=\"_blank\" rel=\"noreferrer noopener\">www.zahoramizadolami.sk<\/a><\/span><\/strong><\/span><\/p>\n\n\n\n<p><strong>UPOZORNENIE:<\/strong><\/p>\n\n\n\n<ul class=\"wp-block-list\">\n<li><span style=\"color: #000000;\">Ka\u017ed\u00e9 die\u0165a mus\u00ed ma\u0165 dozor, ktor\u00fd za neho zodpoved\u00e1!<\/span><\/li>\n\n\n\n<li><span style=\"color: #000000;\">V pr\u00edpade nepriazniv\u00e9ho po\u010dasia sa prehliadka ru\u0161\u00ed a uskuto\u010dn\u00ed sa v n\u00e1hradnom term\u00edne.<\/span><\/li>\n\n\n\n<li><span style=\"color: #000000;\">Je potrebn\u00e9 prinies\u0165 si pevn\u00fa obuv a vhodn\u00e9 oble\u010denie.<\/span><\/li>\n<\/ul>\n\n\n<p><iframe loading=\"lazy\" style=\"border:none\" src=\"https:\/\/sk.frame.mapy.cz\/s\/rakasajudu\" width=\"100%\" height=\"350\" frameborder=\"0\"><\/iframe><\/p>\n\n\n\n<p>Marketingov\u00e9 aktivity OOCR Regi\u00f3n GRON s\u00fa realizovan\u00e9 s finan\u010dnou podporou&nbsp;<strong><a href=\"https:\/\/www.mincrs.sk\">Ministerstva cestovn\u00e9ho ruchu a \u0161portu Slovenskej republiky<\/a><\/strong>.<\/p>\n\n\n\n<figure class=\"wp-block-image size-large is-resized\"><img loading=\"lazy\" decoding=\"async\" width=\"1024\" height=\"410\" src=\"https:\/\/regiongron.sk\/wp-content\/uploads\/2024\/03\/Ministerstvo_cestovneho-ruchu-a-sportu_SR_SK_Farebne-4-1024x410.png\" alt=\"\" class=\"wp-image-21428\" style=\"width:250px\" srcset=\"https:\/\/regiongron.sk\/en\/wp-content\/uploads\/2024\/03\/Ministerstvo_cestovneho-ruchu-a-sportu_SR_SK_Farebne-4-1024x410.png 1024w, https:\/\/regiongron.sk\/en\/wp-content\/uploads\/2024\/03\/Ministerstvo_cestovneho-ruchu-a-sportu_SR_SK_Farebne-4-600x240.png 600w, https:\/\/regiongron.sk\/en\/wp-content\/uploads\/2024\/03\/Ministerstvo_cestovneho-ruchu-a-sportu_SR_SK_Farebne-4-768x307.png 768w, https:\/\/regiongron.sk\/en\/wp-content\/uploads\/2024\/03\/Ministerstvo_cestovneho-ruchu-a-sportu_SR_SK_Farebne-4-1536x615.png 1536w, https:\/\/regiongron.sk\/en\/wp-content\/uploads\/2024\/03\/Ministerstvo_cestovneho-ruchu-a-sportu_SR_SK_Farebne-4-2048x820.png 2048w, https:\/\/regiongron.sk\/en\/wp-content\/uploads\/2024\/03\/Ministerstvo_cestovneho-ruchu-a-sportu_SR_SK_Farebne-4.png 2953w\" sizes=\"auto, (max-width: 1024px) 100vw, 1024px\" \/><\/figure>\n\n\n\n\n","protected":false},"excerpt":{"rendered":"<p>V\u00ddPRAVA NA HRAD \u0160\u00c1\u0160OV S H\u00c1DANKAMI A ODMENOU Kde bolo tam bolo, za horami za dolami, vyp\u00ednal sa na kopci hrad, ktor\u00fd v roku 1424 dostala do vienka kr\u00e1\u013eovn\u00e1 Barbora Celjsk\u00e1 od svojho man\u017eela kr\u00e1\u013ea \u017digmunda Luxembursk\u00e9ho. Vyber sa na cestu spozn\u00e1vania hradu \u0160\u00e1\u0161ov a pomocou zauj\u00edmav\u00fdch \u00faloh a h\u00e1daniek objavuj jeho skryt\u00e9 z\u00e1kutia. \u010cak\u00e1 [&hellip;]<\/p>\n","protected":false},"author":3,"featured_media":17666,"comment_status":"open","ping_status":"open","sticky":false,"template":"","format":"standard","meta":{"_acf_changed":false,"inline_featured_image":false,"_uag_custom_page_level_css":"","footnotes":""},"categories":[45],"tags":[],"class_list":["post-22010","post","type-post","status-publish","format-standard","has-post-thumbnail","hentry","category-rezervuj-si-zazitok"],"acf":[],"uagb_featured_image_src":{"full":["https:\/\/regiongron.sk\/en\/wp-content\/uploads\/2023\/03\/hrad-sasov-11-scaled.jpg",2048,1365,false],"thumbnail":["https:\/\/regiongron.sk\/en\/wp-content\/uploads\/2023\/03\/hrad-sasov-11-scaled-400x400.jpg",400,400,true],"medium":["https:\/\/regiongron.sk\/en\/wp-content\/uploads\/2023\/03\/hrad-sasov-11-scaled-600x400.jpg",600,400,true],"medium_large":["https:\/\/regiongron.sk\/en\/wp-content\/uploads\/2023\/03\/hrad-sasov-11-scaled-768x512.jpg",768,512,true],"large":["https:\/\/regiongron.sk\/en\/wp-content\/uploads\/2023\/03\/hrad-sasov-11-scaled-1024x683.jpg",1024,683,true],"1536x1536":["https:\/\/regiongron.sk\/en\/wp-content\/uploads\/2023\/03\/hrad-sasov-11-scaled-1536x1024.jpg",1536,1024,true],"2048x2048":["https:\/\/regiongron.sk\/en\/wp-content\/uploads\/2023\/03\/hrad-sasov-11-scaled.jpg",2048,1365,false]},"uagb_author_info":{"display_name":"Gabriela Matlovi\u010dov\u00e1","author_link":"https:\/\/regiongron.sk\/en\/author\/gabriela\/"},"uagb_comment_info":0,"uagb_excerpt":"V\u00ddPRAVA NA HRAD \u0160\u00c1\u0160OV S H\u00c1DANKAMI A ODMENOU Kde bolo tam bolo, za horami za dolami, vyp\u00ednal sa na kopci hrad, ktor\u00fd v roku 1424 dostala do vienka kr\u00e1\u013eovn\u00e1 Barbora Celjsk\u00e1 od svojho man\u017eela kr\u00e1\u013ea \u017digmunda Luxembursk\u00e9ho. Vyber sa na cestu spozn\u00e1vania hradu \u0160\u00e1\u0161ov a pomocou zauj\u00edmav\u00fdch \u00faloh a h\u00e1daniek objavuj jeho skryt\u00e9 z\u00e1kutia. \u010cak\u00e1&hellip;","_links":{"self":[{"href":"https:\/\/regiongron.sk\/en\/wp-json\/wp\/v2\/posts\/22010","targetHints":{"allow":["GET"]}}],"collection":[{"href":"https:\/\/regiongron.sk\/en\/wp-json\/wp\/v2\/posts"}],"about":[{"href":"https:\/\/regiongron.sk\/en\/wp-json\/wp\/v2\/types\/post"}],"author":[{"embeddable":true,"href":"https:\/\/regiongron.sk\/en\/wp-json\/wp\/v2\/users\/3"}],"replies":[{"embeddable":true,"href":"https:\/\/regiongron.sk\/en\/wp-json\/wp\/v2\/comments?post=22010"}],"version-history":[{"count":1,"href":"https:\/\/regiongron.sk\/en\/wp-json\/wp\/v2\/posts\/22010\/revisions"}],"predecessor-version":[{"id":22015,"href":"https:\/\/regiongron.sk\/en\/wp-json\/wp\/v2\/posts\/22010\/revisions\/22015"}],"wp:featuredmedia":[{"embeddable":true,"href":"https:\/\/regiongron.sk\/en\/wp-json\/wp\/v2\/media\/17666"}],"wp:attachment":[{"href":"https:\/\/regiongron.sk\/en\/wp-json\/wp\/v2\/media?parent=22010"}],"wp:term":[{"taxonomy":"category","embeddable":true,"href":"https:\/\/regiongron.sk\/en\/wp-json\/wp\/v2\/categories?post=22010"},{"taxonomy":"post_tag","embeddable":true,"href":"https:\/\/regiongron.sk\/en\/wp-json\/wp\/v2\/tags?post=22010"}],"curies":[{"name":"wp","href":"https:\/\/api.w.org\/{rel}","templated":true}]}}