{"id":567,"date":"2016-12-12T18:56:25","date_gmt":"2016-12-12T16:56:25","guid":{"rendered":"http:\/\/regiongron.sk\/?p=567"},"modified":"2025-03-27T11:49:19","modified_gmt":"2025-03-27T10:49:19","slug":"susosie-svatej-trojice","status":"publish","type":"post","link":"https:\/\/regiongron.sk\/en\/susosie-svatej-trojice\/","title":{"rendered":"Sculpture of Saint Trinity in Nov\u00e1 Ba\u0148a"},"content":{"rendered":"<div class=\"wp-block-image size-full wp-image-568\">\n<figure class=\"aligncenter\"><img decoding=\"async\" src=\"https:\/\/regiongron.sk\/wp-content\/uploads\/2023\/02\/susosie-4nova_bana041.jpg\" alt=\"S\u00faso\u0161ie sv\u00e4tej Trojice (Nov\u00e1 Ba\u0148a)\" class=\"wp-image-568\"\/><figcaption class=\"wp-element-caption\">Sculpture of Saint Trinity (Nov\u00e1 Ba\u0148a)<\/figcaption><\/figure>\n<\/div>\n\n\n<p>Late-Classicist sculpture from 1843-1846 by Jozef Neuschl-Farag\u00f3. The sculpture rests on a rhyolite column shaped into a high prism, divided by heavily decorated columns. There are statues of the Virgin Mary, St. Stephen, St. Helena and Saint Ladislav, in the lateral niches.\u00a0 Relief sculptures above are combined with the papal and municipal coat of arms. The sculpture is placed in front of the town hall.<\/p>\n\n\n\t\t\t<div \n\t\t\tclass=\"wp-block-uagb-google-map uagb-google-map__wrap uagb-block-f3acd7c3     \"\n\t\t\tstyle=\"\" >\n\t\t\t\t<embed\n\t\t\t\t\tclass=\"uagb-google-map__iframe\"\n\t\t\t\t\ttitle=\"Google Map for \"\n\t\t\t\t\tsrc=\"https:\/\/maps.google.com\/maps?q=48.423737%2C%2018.640205&z=12&hl=sk&t=m&output=embed&iwloc=near\"\n\t\t\t\t\twidth=\"640\"\n\t\t\t\t\theight=\"300\"\n\t\t\t\t\tloading=\"lazy\"\n\t\t\t\t><\/embed>\n\t\t\t<\/div>\n\t\t\t\n\n\n\n","protected":false},"excerpt":{"rendered":"<p>Late-Classicist sculpture from 1843-1846 by Jozef Neuschl-Farag\u00f3. The sculpture rests on a rhyolite column shaped into a high prism, divided by heavily decorated columns. There are statues of the Virgin Mary, St. Stephen, St. Helena and Saint Ladislav, in the lateral niches.\u00a0 Relief sculptures above are combined with the papal and municipal coat of arms. [&hellip;]<\/p>\n","protected":false},"author":1,"featured_media":15138,"comment_status":"open","ping_status":"open","sticky":false,"template":"","format":"standard","meta":{"_acf_changed":false,"inline_featured_image":false,"_uag_custom_page_level_css":"","footnotes":""},"categories":[3,39],"tags":[],"class_list":["post-567","post","type-post","status-publish","format-standard","has-post-thumbnail","hentry","category-historicke-pamiatky","category-sakralne"],"acf":[],"uagb_featured_image_src":{"full":["https:\/\/regiongron.sk\/en\/wp-content\/uploads\/2023\/02\/susosie-4nova_bana041.jpg",940,630,false],"thumbnail":["https:\/\/regiongron.sk\/en\/wp-content\/uploads\/2023\/02\/susosie-4nova_bana041-400x400.jpg",400,400,true],"medium":["https:\/\/regiongron.sk\/en\/wp-content\/uploads\/2023\/02\/susosie-4nova_bana041-600x402.jpg",600,402,true],"medium_large":["https:\/\/regiongron.sk\/en\/wp-content\/uploads\/2023\/02\/susosie-4nova_bana041-768x515.jpg",768,515,true],"large":["https:\/\/regiongron.sk\/en\/wp-content\/uploads\/2023\/02\/susosie-4nova_bana041.jpg",940,630,false],"1536x1536":["https:\/\/regiongron.sk\/en\/wp-content\/uploads\/2023\/02\/susosie-4nova_bana041.jpg",940,630,false],"2048x2048":["https:\/\/regiongron.sk\/en\/wp-content\/uploads\/2023\/02\/susosie-4nova_bana041.jpg",940,630,false]},"uagb_author_info":{"display_name":"schnicel","author_link":"https:\/\/regiongron.sk\/en\/author\/schnicel\/"},"uagb_comment_info":0,"uagb_excerpt":"Late-Classicist sculpture from 1843-1846 by Jozef Neuschl-Farag\u00f3. The sculpture rests on a rhyolite column shaped into a high prism, divided by heavily decorated columns. There are statues of the Virgin Mary, St. Stephen, St. Helena and Saint Ladislav, in the lateral niches.\u00a0 Relief sculptures above are combined with the papal and municipal coat of arms.&hellip;","_links":{"self":[{"href":"https:\/\/regiongron.sk\/en\/wp-json\/wp\/v2\/posts\/567","targetHints":{"allow":["GET"]}}],"collection":[{"href":"https:\/\/regiongron.sk\/en\/wp-json\/wp\/v2\/posts"}],"about":[{"href":"https:\/\/regiongron.sk\/en\/wp-json\/wp\/v2\/types\/post"}],"author":[{"embeddable":true,"href":"https:\/\/regiongron.sk\/en\/wp-json\/wp\/v2\/users\/1"}],"replies":[{"embeddable":true,"href":"https:\/\/regiongron.sk\/en\/wp-json\/wp\/v2\/comments?post=567"}],"version-history":[{"count":3,"href":"https:\/\/regiongron.sk\/en\/wp-json\/wp\/v2\/posts\/567\/revisions"}],"predecessor-version":[{"id":24272,"href":"https:\/\/regiongron.sk\/en\/wp-json\/wp\/v2\/posts\/567\/revisions\/24272"}],"wp:featuredmedia":[{"embeddable":true,"href":"https:\/\/regiongron.sk\/en\/wp-json\/wp\/v2\/media\/15138"}],"wp:attachment":[{"href":"https:\/\/regiongron.sk\/en\/wp-json\/wp\/v2\/media?parent=567"}],"wp:term":[{"taxonomy":"category","embeddable":true,"href":"https:\/\/regiongron.sk\/en\/wp-json\/wp\/v2\/categories?post=567"},{"taxonomy":"post_tag","embeddable":true,"href":"https:\/\/regiongron.sk\/en\/wp-json\/wp\/v2\/tags?post=567"}],"curies":[{"name":"wp","href":"https:\/\/api.w.org\/{rel}","templated":true}]}}