{"id":627,"date":"2016-12-12T19:43:59","date_gmt":"2016-12-12T17:43:59","guid":{"rendered":"http:\/\/regiongron.sk\/?p=627"},"modified":"2023-04-18T16:57:02","modified_gmt":"2023-04-18T14:57:02","slug":"kostol-narodenia-panny-marie-2","status":"publish","type":"post","link":"https:\/\/regiongron.sk\/en\/kostol-narodenia-panny-marie-2\/","title":{"rendered":"Kostol Narodenia Panny M\u00e1rie, Mal\u00e1 Lehota"},"content":{"rendered":"<div class=\"wp-block-image\">\n<figure class=\"aligncenter\"><img decoding=\"async\" src=\"https:\/\/regiongron.sk\/wp-content\/uploads\/2023\/02\/cintorin-stary-kostol.jpg\" alt=\"cintorin-stary-kostol\" class=\"wp-image-628\"\/><\/figure>\n<\/div>\n\n\n<p>Kostol je postaven\u00fd v r.1820. Jednolo\u010fov\u00fd klasicistick\u00fd kostol bol pr\u00edstavbou v r. 1959 roz\u0161\u00edren\u00fd do tvaru L.<\/p>\n\n\n\n<p>Lo\u010f je zaklenut\u00e1 valenou klenbou. Vo ve\u017ei\u010dke nad \u0161t\u00edtom s\u00fa zavesen\u00e9 dva bronzov\u00e9 zvony, ktor\u00e9 zhotovili v r. 1924 v Brne. Nahradili p\u00f4vodn\u00e9, ktor\u00e9 aj s ve\u017ei\u010dkou zni\u010dil priamy z\u00e1sah z kan\u00f3na po\u010das 1. svetovej vojny. N\u00e1stenn\u00e9 ma\u013eby J. Tomku s\u00fa z r. 1964. Hlavn\u00fd olt\u00e1r Narodenia Panny M\u00e1rie z 1. pol. 19. stor. bol doplnen\u00fd obrazom od J. \u0160inkovi\u010da z r. 1975-1976. P\u00f4vodn\u00fd olt\u00e1rny obraz je zavesen\u00fd pri vchode do kostola.<\/p>\n\n\n\n<p><em>Zdroj: Ob\u010dianske zdru\u017eenie Nov\u00e1 Ba\u0148a - Bedeker Nov\u00e1 Ba\u0148a a okolie<\/em><\/p>\n\n\n<p><iframe loading=\"lazy\" style=\"border:none\" src=\"https:\/\/sk.frame.mapy.cz\/s\/nejesedovo\" width=\"100%\" height=\"350\" frameborder=\"0\"><\/iframe><\/p>\n\n\n\n\n","protected":false},"excerpt":{"rendered":"<p>Kostol je postaven\u00fd v r.1820. Jednolo\u010fov\u00fd klasicistick\u00fd kostol bol pr\u00edstavbou v r. 1959 roz\u0161\u00edren\u00fd do tvaru L. Lo\u010f je zaklenut\u00e1 valenou klenbou. Vo ve\u017ei\u010dke nad \u0161t\u00edtom s\u00fa zavesen\u00e9 dva bronzov\u00e9 zvony, ktor\u00e9 zhotovili v r. 1924 v Brne. Nahradili p\u00f4vodn\u00e9, ktor\u00e9 aj s ve\u017ei\u010dkou zni\u010dil priamy z\u00e1sah z kan\u00f3na po\u010das 1. svetovej vojny. N\u00e1stenn\u00e9 ma\u013eby [&hellip;]<\/p>\n","protected":false},"author":1,"featured_media":15103,"comment_status":"open","ping_status":"open","sticky":false,"template":"","format":"standard","meta":{"_acf_changed":false,"inline_featured_image":false,"_uag_custom_page_level_css":"","footnotes":""},"categories":[3,39,4],"tags":[],"class_list":["post-627","post","type-post","status-publish","format-standard","has-post-thumbnail","hentry","category-historicke-pamiatky","category-sakralne","category-zaujimavosti"],"acf":[],"uagb_featured_image_src":{"full":["https:\/\/regiongron.sk\/en\/wp-content\/uploads\/2023\/02\/cintorin-stary-kostol.jpg",720,540,false],"thumbnail":["https:\/\/regiongron.sk\/en\/wp-content\/uploads\/2023\/02\/cintorin-stary-kostol-400x400.jpg",400,400,true],"medium":["https:\/\/regiongron.sk\/en\/wp-content\/uploads\/2023\/02\/cintorin-stary-kostol-600x450.jpg",600,450,true],"medium_large":["https:\/\/regiongron.sk\/en\/wp-content\/uploads\/2023\/02\/cintorin-stary-kostol.jpg",720,540,false],"large":["https:\/\/regiongron.sk\/en\/wp-content\/uploads\/2023\/02\/cintorin-stary-kostol.jpg",720,540,false],"1536x1536":["https:\/\/regiongron.sk\/en\/wp-content\/uploads\/2023\/02\/cintorin-stary-kostol.jpg",720,540,false],"2048x2048":["https:\/\/regiongron.sk\/en\/wp-content\/uploads\/2023\/02\/cintorin-stary-kostol.jpg",720,540,false]},"uagb_author_info":{"display_name":"schnicel","author_link":"https:\/\/regiongron.sk\/en\/author\/schnicel\/"},"uagb_comment_info":0,"uagb_excerpt":"Kostol je postaven\u00fd v r.1820. Jednolo\u010fov\u00fd klasicistick\u00fd kostol bol pr\u00edstavbou v r. 1959 roz\u0161\u00edren\u00fd do tvaru L. Lo\u010f je zaklenut\u00e1 valenou klenbou. Vo ve\u017ei\u010dke nad \u0161t\u00edtom s\u00fa zavesen\u00e9 dva bronzov\u00e9 zvony, ktor\u00e9 zhotovili v r. 1924 v Brne. Nahradili p\u00f4vodn\u00e9, ktor\u00e9 aj s ve\u017ei\u010dkou zni\u010dil priamy z\u00e1sah z kan\u00f3na po\u010das 1. svetovej vojny. N\u00e1stenn\u00e9 ma\u013eby&hellip;","_links":{"self":[{"href":"https:\/\/regiongron.sk\/en\/wp-json\/wp\/v2\/posts\/627","targetHints":{"allow":["GET"]}}],"collection":[{"href":"https:\/\/regiongron.sk\/en\/wp-json\/wp\/v2\/posts"}],"about":[{"href":"https:\/\/regiongron.sk\/en\/wp-json\/wp\/v2\/types\/post"}],"author":[{"embeddable":true,"href":"https:\/\/regiongron.sk\/en\/wp-json\/wp\/v2\/users\/1"}],"replies":[{"embeddable":true,"href":"https:\/\/regiongron.sk\/en\/wp-json\/wp\/v2\/comments?post=627"}],"version-history":[{"count":3,"href":"https:\/\/regiongron.sk\/en\/wp-json\/wp\/v2\/posts\/627\/revisions"}],"predecessor-version":[{"id":18927,"href":"https:\/\/regiongron.sk\/en\/wp-json\/wp\/v2\/posts\/627\/revisions\/18927"}],"wp:featuredmedia":[{"embeddable":true,"href":"https:\/\/regiongron.sk\/en\/wp-json\/wp\/v2\/media\/15103"}],"wp:attachment":[{"href":"https:\/\/regiongron.sk\/en\/wp-json\/wp\/v2\/media?parent=627"}],"wp:term":[{"taxonomy":"category","embeddable":true,"href":"https:\/\/regiongron.sk\/en\/wp-json\/wp\/v2\/categories?post=627"},{"taxonomy":"post_tag","embeddable":true,"href":"https:\/\/regiongron.sk\/en\/wp-json\/wp\/v2\/tags?post=627"}],"curies":[{"name":"wp","href":"https:\/\/api.w.org\/{rel}","templated":true}]}}