{"id":10678,"date":"2020-01-20T13:19:29","date_gmt":"2020-01-20T11:19:29","guid":{"rendered":"http:\/\/regiongron.sk\/?p=10678"},"modified":"2025-03-27T23:50:03","modified_gmt":"2025-03-27T22:50:03","slug":"hrad-sasov","status":"publish","type":"post","link":"https:\/\/regiongron.sk\/hu\/hrad-sasov\/","title":{"rendered":"Sask\u0151 v\u00e1ra, \u017diar nad Hronom"},"content":{"rendered":"<div class=\"wp-block-image\">\n<figure class=\"aligncenter\"><a  href=\"https:\/\/regiongron.sk\/wp-content\/uploads\/2020\/01\/sasov-pavel-albert-6-scaled.jpg\" data-rel=\"lightbox-gallery-0\" data-rl_title=\"\" data-rl_caption=\"\" title=\"\"><img decoding=\"async\" src=\"https:\/\/regiongron.sk\/wp-content\/uploads\/2023\/02\/sasov-pavel-albert-6-1024x682.jpg\" alt=\"Hrad Sasov\" class=\"wp-image-11744\"\/><\/a><figcaption class=\"wp-element-caption\">Sask\u0151 v\u00e1ra<\/figcaption><\/figure>\n<\/div>\n\n\n<p>Sask\u0151 v\u00e1rrom a n\u00e9hai Sask\u0151v\u00e1ralja telep\u00fcl\u00e9s felett magaslik, a telep\u00fcl\u00e9s ma Garamszentkereszt j\u00e1r\u00e1sk\u00f6zpont r\u00e9sze, ett\u0151l mintegy 2 km t\u00e1vols\u00e1gban fekszik.&nbsp;&nbsp;<\/p>\n\n\n\n<p>A v\u00e1r a m\u00faltban a Z\u00f3lyom \u00e9s a K\u00f6rm\u00f6cb\u00e1nya fel\u00e9 vezet\u0151 utak keresztez\u0151d\u00e9s\u00e9t vigy\u00e1zta. Sas-k\u0151 (Orl\u00ed kame\u0148) nev\u0171 b\u00e9rcen \u00e9p\u00fclt, amely k\u00f6zvetlen\u00fcl a Garam mell\u0151l emelkedik ki 340 m tengerszint feletti magass\u00e1gban.<\/p>\n\n\n\n<p>Jelenleg a Sask\u0151 V\u00e1r Megment\u00e9s\u00e9\u00e9rt Egyes\u00fclet gondozza \u00e9s folyamatosan fel\u00faj\u00edtja a v\u00e1rat. A v\u00e1rhoz vezet\u0151 \u00fat elej\u00e9n tal\u00e1lhat\u00f3 h\u00e1zban eml\u00e9kszoba v\u00e1rja a l\u00e1togat\u00f3kat. Itt n\u00e9prajzi ki\u00e1ll\u00edt\u00e1st tekinthetnek meg, valamint a v\u00e1rban tal\u00e1lt kisebb leleteket is ki\u00e1ll\u00edtott\u00e1k. Az eml\u00e9kszoba r\u00e9szletesen bemutatja a v\u00e1r t\u00f6rt\u00e9nelm\u00e9t, \u00edgy a l\u00e1togat\u00f3k \u00e1tfog\u00f3 k\u00e9pet kaphatnak e k\u00fcl\u00f6nleges hely m\u00faltj\u00e1r\u00f3l \u00e9s kultur\u00e1lis jelent\u0151s\u00e9g\u00e9r\u0151l.<\/p>\n\n\n<div class=\"wp-block-image\">\n<figure class=\"alignleft\"><img decoding=\"async\" src=\"https:\/\/regiongron.sk\/wp-content\/uploads\/2023\/02\/hrad-sasov-11-scaled.jpg\" alt=\"hrad \u0161\u00e1\u0161ov\" class=\"wp-image-13819\"\/><\/figure>\n<\/div>\n\n\n<p> <\/p>\n\n\n<div class=\"wp-block-image\">\n<figure class=\"alignright\"><img decoding=\"async\" src=\"https:\/\/regiongron.sk\/wp-content\/uploads\/2023\/02\/hrad-sasov-20-scaled.jpg\" alt=\"hrad \u0161\u00e1\u0161ov\" class=\"wp-image-13762\"\/><\/figure>\n<\/div>\n\n\n<p>Forr\u00e1s: <a href=\"http:\/\/www.hradsasov.pum.sk\" data-type=\"URL\" data-id=\"www.hradsasov.pum.sk\" target=\"_blank\" rel=\"noreferrer noopener\">www.hradsasov.pum.sk<\/a><\/p>\n\n\n\n<p>F\u00e9nyk\u00e9p: Pavel Albert, Gabriela Matlovi\u010dov\u00e1<\/p>\n\n\n\t\t\t<div \n\t\t\tclass=\"wp-block-uagb-google-map uagb-google-map__wrap uagb-block-b6ac9ecf     \"\n\t\t\tstyle=\"\" >\n\t\t\t\t<embed\n\t\t\t\t\tclass=\"uagb-google-map__iframe\"\n\t\t\t\t\ttitle=\"Google Map for \"\n\t\t\t\t\tsrc=\"https:\/\/maps.google.com\/maps?q=Hrad%20%C5%A1%C3%A1%C5%A1ov&z=12&hl=sk&t=m&output=embed&iwloc=near\"\n\t\t\t\t\twidth=\"640\"\n\t\t\t\t\theight=\"300\"\n\t\t\t\t\tloading=\"lazy\"\n\t\t\t\t><\/embed>\n\t\t\t<\/div>\n\t\t\t\n\n\n\n","protected":false},"excerpt":{"rendered":"<p>Sask\u0151 v\u00e1rrom a n\u00e9hai Sask\u0151v\u00e1ralja telep\u00fcl\u00e9s felett magaslik, a telep\u00fcl\u00e9s ma Garamszentkereszt j\u00e1r\u00e1sk\u00f6zpont r\u00e9sze, ett\u0151l mintegy 2 km t\u00e1vols\u00e1gban fekszik.&nbsp;&nbsp; A v\u00e1r a m\u00faltban a Z\u00f3lyom \u00e9s a K\u00f6rm\u00f6cb\u00e1nya fel\u00e9 vezet\u0151 utak keresztez\u0151d\u00e9s\u00e9t vigy\u00e1zta. Sas-k\u0151 (Orl\u00ed kame\u0148) nev\u0171 b\u00e9rcen \u00e9p\u00fclt, amely k\u00f6zvetlen\u00fcl a Garam mell\u0151l emelkedik ki 340 m tengerszint feletti magass\u00e1gban. Jelenleg a Sask\u0151 [&hellip;]<\/p>\n","protected":false},"author":2,"featured_media":16220,"comment_status":"open","ping_status":"open","sticky":false,"template":"","format":"standard","meta":{"_acf_changed":false,"inline_featured_image":false,"_uag_custom_page_level_css":"","footnotes":""},"categories":[3,31],"tags":[],"class_list":["post-10678","post","type-post","status-publish","format-standard","has-post-thumbnail","hentry","category-historicke-pamiatky","category-pohronska-hradna-cesta"],"acf":[],"uagb_featured_image_src":{"full":["https:\/\/regiongron.sk\/hu\/wp-content\/uploads\/2020\/01\/Hrad-Sasov-3-scaled.jpg",2560,1705,false],"thumbnail":["https:\/\/regiongron.sk\/hu\/wp-content\/uploads\/2020\/01\/Hrad-Sasov-3-400x400.jpg",400,400,true],"medium":["https:\/\/regiongron.sk\/hu\/wp-content\/uploads\/2020\/01\/Hrad-Sasov-3-600x400.jpg",600,400,true],"medium_large":["https:\/\/regiongron.sk\/hu\/wp-content\/uploads\/2020\/01\/Hrad-Sasov-3-768x512.jpg",768,512,true],"large":["https:\/\/regiongron.sk\/hu\/wp-content\/uploads\/2020\/01\/Hrad-Sasov-3-1024x682.jpg",1024,682,true],"1536x1536":["https:\/\/regiongron.sk\/hu\/wp-content\/uploads\/2020\/01\/Hrad-Sasov-3-1536x1023.jpg",1536,1023,true],"2048x2048":["https:\/\/regiongron.sk\/hu\/wp-content\/uploads\/2020\/01\/Hrad-Sasov-3-2048x1364.jpg",2048,1364,true]},"uagb_author_info":{"display_name":"regiongron","author_link":"https:\/\/regiongron.sk\/hu\/author\/regiongron\/"},"uagb_comment_info":0,"uagb_excerpt":"Sask\u0151 v\u00e1rrom a n\u00e9hai Sask\u0151v\u00e1ralja telep\u00fcl\u00e9s felett magaslik, a telep\u00fcl\u00e9s ma Garamszentkereszt j\u00e1r\u00e1sk\u00f6zpont r\u00e9sze, ett\u0151l mintegy 2 km t\u00e1vols\u00e1gban fekszik.&nbsp;&nbsp; A v\u00e1r a m\u00faltban a Z\u00f3lyom \u00e9s a K\u00f6rm\u00f6cb\u00e1nya fel\u00e9 vezet\u0151 utak keresztez\u0151d\u00e9s\u00e9t vigy\u00e1zta. Sas-k\u0151 (Orl\u00ed kame\u0148) nev\u0171 b\u00e9rcen \u00e9p\u00fclt, amely k\u00f6zvetlen\u00fcl a Garam mell\u0151l emelkedik ki 340 m tengerszint feletti magass\u00e1gban. Jelenleg a Sask\u0151&hellip;","_links":{"self":[{"href":"https:\/\/regiongron.sk\/hu\/wp-json\/wp\/v2\/posts\/10678","targetHints":{"allow":["GET"]}}],"collection":[{"href":"https:\/\/regiongron.sk\/hu\/wp-json\/wp\/v2\/posts"}],"about":[{"href":"https:\/\/regiongron.sk\/hu\/wp-json\/wp\/v2\/types\/post"}],"author":[{"embeddable":true,"href":"https:\/\/regiongron.sk\/hu\/wp-json\/wp\/v2\/users\/2"}],"replies":[{"embeddable":true,"href":"https:\/\/regiongron.sk\/hu\/wp-json\/wp\/v2\/comments?post=10678"}],"version-history":[{"count":9,"href":"https:\/\/regiongron.sk\/hu\/wp-json\/wp\/v2\/posts\/10678\/revisions"}],"predecessor-version":[{"id":24081,"href":"https:\/\/regiongron.sk\/hu\/wp-json\/wp\/v2\/posts\/10678\/revisions\/24081"}],"wp:featuredmedia":[{"embeddable":true,"href":"https:\/\/regiongron.sk\/hu\/wp-json\/wp\/v2\/media\/16220"}],"wp:attachment":[{"href":"https:\/\/regiongron.sk\/hu\/wp-json\/wp\/v2\/media?parent=10678"}],"wp:term":[{"taxonomy":"category","embeddable":true,"href":"https:\/\/regiongron.sk\/hu\/wp-json\/wp\/v2\/categories?post=10678"},{"taxonomy":"post_tag","embeddable":true,"href":"https:\/\/regiongron.sk\/hu\/wp-json\/wp\/v2\/tags?post=10678"}],"curies":[{"name":"wp","href":"https:\/\/api.w.org\/{rel}","templated":true}]}}