{"id":1214,"date":"2016-12-19T18:40:01","date_gmt":"2016-12-19T16:40:01","guid":{"rendered":"http:\/\/regiongron.sk\/?p=1214"},"modified":"2024-02-15T09:37:42","modified_gmt":"2024-02-15T08:37:42","slug":"zachranene-ludove-domceky-a-hrnciarske-tradicie-v-brehoch","status":"publish","type":"post","link":"https:\/\/regiongron.sk\/hu\/zachranene-ludove-domceky-a-hrnciarske-tradicie-v-brehoch\/","title":{"rendered":"Zachr\u00e1nen\u00e9 \u013eudov\u00e9 dom\u010deky a hrn\u010diarske trad\u00edcie v Brehoch"},"content":{"rendered":"\n<p>Brehy boli p\u00f4vodne ban\u00edcka obec, ktorej obyvatelia sa \u017eivili aj povozn\u00edctvom a lesn\u00edctvom. Po \u00fapadku ban\u00edctva sa museli dom\u00e1ci za\u010da\u0165 venova\u0165 in\u00fdm \u010dinnostiam a najroz\u0161\u00edrenej\u0161\u00edm remeslom Bre\u017eanov sa stalo hrn\u010diarstvo. Najstar\u0161ia zmienka poch\u00e1dza z roku 1692, kedy sa v obci spom\u00ednaj\u00fa 3 hrn\u010diari a 1 hrn\u010diarsky u\u010de\u0148.<\/p>\n\n\n<div class=\"wp-block-image\">\n<figure class=\"aligncenter\"><a  href=\"http:\/\/regiongron.sk\/wp-content\/uploads\/2016\/12\/phoca_thumb_l_oz_hrnciarskydvor7-1.jpg\" data-rel=\"lightbox-gallery-0\" data-rl_title=\"\" data-rl_caption=\"\" title=\"\"><img decoding=\"async\" src=\"https:\/\/regiongron.sk\/wp-content\/uploads\/2023\/02\/hrnciarske-muzeum-brehy.webp\" alt=\"\" class=\"wp-image-11763\"\/><\/a><\/figure>\n<\/div>\n\n\n<p>Postupne vznikli hrn\u010diarske rody, kde sa remeslo dedilo z otca na syna. Rodina Fialovcov traduje toto remeslo od konca 17. storo\u010dia. Bre\u017esk\u00ed hrn\u010diari sa zameriavali na v\u00fdrobu jednoduch\u00e9ho \u00fa\u017eitkov\u00e9ho riadu. Aj ke\u010f nemali v\u00fdu\u010dn\u00e9 listy, konkurovali dokonca samotn\u00e9mu Pukancu. Ich v\u00fdrobky boli zn\u00e1me v\u010faka spolupr\u00e1ci s povozn\u00edkmi po celom Uhorsku. Dnes hist\u00f3riu hrn\u010diarstva, \u013eudov\u00fdch remesiel a oby\u010dajn\u00e9ho \u017eivota dokumentuj\u00fa 2 zachoval\u00e9 dom\u010deky, ktor\u00e9 za svoju z\u00e1chranu v\u010fa\u010dia 2 ob\u010dianskym zdru\u017eeniam.<\/p>\n\n\n\n<p>OZ Hrn\u010diarsky dvor Brehy s podporou obce<span style=\"color: #000080;\"> <a style=\"color: #000080;\" href=\"http:\/\/regiongron.sk\/destinacia\/brehy.html\" target=\"_blank\" rel=\"noopener\">Brehy<\/a><\/span> spr\u00edstupnilo expoz\u00edciu hrn\u010diarstva. Nach\u00e1dza sa v dome po \u013dudev\u00edtovi Kohlovi, v ktorom ostala jedin\u00e1 dodnes funk\u010dn\u00e1 pec v Brehoch. Na sl\u00e1vnostn\u00e9 otvorenie expoz\u00edcie, ktor\u00e1 sa konala 6. augusta 2016, n\u00e1s pozvala predsedn\u00ed\u010dka OZ Hrn\u010diarsky dvor Brehy, Iveta \u0160ev\u010d\u00edkov\u00e1, ktor\u00e1 n\u00e1m povedala o z\u00e1meroch zdru\u017eenia nie\u010do viac.<\/p>\n\n\n\n<p>\u201eHrn\u010diarske m\u00fazeum v Kohlovom dome bolo zriaden\u00e9 za \u00fa\u010delom zachovania trad\u00edcie hrn\u010diarstva v obci Brehy, ako aj z\u00e1chrany kult\u00farnej pamiatky \u2013 remeseln\u00edckeho domu s funk\u010dnou hrn\u010diarskou pecou. Dom sa nach\u00e1dza v centr\u00e1lnej \u010dasti obce oproti hasi\u010dskej stanici. V lete tohto roku sa n\u00e1m podarilo spr\u00edstupni\u0165 2 miestnosti: kuchynku a denn\u00fa miestnos\u0165. P\u00f4vodne sme mali s domom in\u00e9 \u00famysly. Pamiatkov\u00fd \u00farad n\u00e1m v\u0161ak ur\u010dil viacero podmienok, ktor\u00e9 bolo potrebn\u00e9 dodr\u017ea\u0165 a ke\u010f\u017ee je t\u00e1to budova tak hodnotn\u00e1 a v relat\u00edvne dobrom stave, rozhodli sme sa pre jej spr\u00edstupnenie. Navy\u0161e n\u00e1s motivovali snahy a z\u00e1ujem obyvate\u013eov o udr\u017eanie trad\u00edci\u00ed. V minulosti sme dom otv\u00e1rali po\u010das Bre\u017esk\u00fdch remeseln\u00fdch dvorov. V roku 2016 sme sa v tradi\u010dnom term\u00edne podujatia rozhodli pre sl\u00e1vnostn\u00e9 otvorenie Kohlovho domu teraz aj s mo\u017enos\u0165ou vstupu pre verejnos\u0165. M\u00fazeum bude v roku 2016 otvoren\u00e9 v sobotu od 13:00 do 18:00 a v nede\u013eu od 10:00 do 15:00. V takomto re\u017eime budeme fungova\u0165 do konca hlavnej m\u00fazejnej sez\u00f3ny (do za\u010diatku okt\u00f3bra). D\u00fafame, \u017ee v roku 2017 sa n\u00e1m podar\u00ed spr\u00edstupni\u0165 Kohlov dom aspo\u0148 nejakou formou aj mimo v\u00edkendov, to je v\u0161ak e\u0161te v \u0161t\u00e1diu rie\u0161enia.<\/p>\n\n\n\n<p>Viac inform\u00e1ci\u00ed n\u00e1jdete na&nbsp; facebookovom profile <a href=\"https:\/\/www.facebook.com\/OZ-Hrn%C4%8Diarsky-dvor-Brehy-864939126904157\" target=\"_blank\" rel=\"noopener\"><strong>OZ Hrn\u010diarsky dvor brehy<\/strong><\/a> \u010di na webstr\u00e1nke <span style=\"color: #000080;\"><strong><a style=\"color: #000080;\" href=\"http:\/\/www.hrnciarskemuzeum.sk\" target=\"_blank\" rel=\"noopener\">www.hrnciarskemuzeum.sk<\/a><\/strong>.<\/span>\u201c<\/p>\n\n\n<div class=\"wp-block-image\">\n<figure class=\"aligncenter\"><a  href=\"http:\/\/regiongron.sk\/wp-content\/uploads\/2016\/12\/phoca_thumb_l_20160922_161830-1.jpg\" data-rel=\"lightbox-gallery-0\" data-rl_title=\"\" data-rl_caption=\"\" title=\"\"><img decoding=\"async\" src=\"https:\/\/regiongron.sk\/wp-content\/uploads\/2023\/02\/fabkov_dom.webp\" alt=\"\" class=\"wp-image-11762\"\/><\/a><\/figure>\n<\/div>\n\n\n<p>Druh\u00fdm opraven\u00fdm \u013eudov\u00fdm dom\u010dekom je Fabkov dom\u010dek v hornej \u010dasti obce, ktor\u00fd tie\u017e s podporou obce obnovilo OZ Bre\u017ean. Posledn\u00fdm \u201ebre\u017esk\u00fdm\u201c hrn\u010diarom je J\u00e1n Fiala, syn \u0160tefana Fialu. Man\u017eelia Fialovci s OZ Bre\u017ean udr\u017euj\u00fa trad\u00edcie v obci na\u010falej \u017eiv\u00e9 a venuj\u00fa sa pr\u00e1ci s ml\u00e1de\u017eou.<\/p>\n\n\n\n<p>Sme radi, \u017ee obec Brehy a tak aj n\u00e1\u0161 regi\u00f3n m\u00e1 od tohto roku v reperto\u00e1ri aj tak\u00fato expoz\u00edciu \u013eudov\u00fdch trad\u00edci\u00ed a remesiel. Do \u010fal\u0161\u00edch rokov prajeme ob\u010dianskym zdru\u017eeniam ve\u013ea chuti do pr\u00e1ce a e\u0161te viac radosti a \u00faspechov v ich aktivit\u00e1ch.<\/p>\n\n\n\n<figure class=\"wp-block-gallery has-nested-images columns-6 is-cropped wp-block-gallery-1 is-layout-flex wp-block-gallery-is-layout-flex\">\n\n\n\n\n\n\n\n\n\n<\/figure>\n\n\n\n<p>Foto: arch\u00edv OZ Hrn\u010diarsky dvor Brehy, OOCR Regi\u00f3n GRON<\/p>\n\n\n<p><iframe loading=\"lazy\" style=\"border:none\" src=\"https:\/\/sk.frame.mapy.cz\/s\/fadobobapo\" width=\"100%\" height=\"350\" frameborder=\"0\"><\/iframe><\/p>\n\n\n\n\n","protected":false},"excerpt":{"rendered":"<p>Brehy boli p\u00f4vodne ban\u00edcka obec, ktorej obyvatelia sa \u017eivili aj povozn\u00edctvom a lesn\u00edctvom. Po \u00fapadku ban\u00edctva sa museli dom\u00e1ci za\u010da\u0165 venova\u0165 in\u00fdm \u010dinnostiam a najroz\u0161\u00edrenej\u0161\u00edm remeslom Bre\u017eanov sa stalo hrn\u010diarstvo. Najstar\u0161ia zmienka poch\u00e1dza z roku 1692, kedy sa v obci spom\u00ednaj\u00fa 3 hrn\u010diari a 1 hrn\u010diarsky u\u010de\u0148. Postupne vznikli hrn\u010diarske rody, kde sa remeslo dedilo [&hellip;]<\/p>\n","protected":false},"author":1,"featured_media":1224,"comment_status":"open","ping_status":"open","sticky":false,"template":"","format":"standard","meta":{"_acf_changed":false,"inline_featured_image":false,"_uag_custom_page_level_css":"","footnotes":""},"categories":[5,2,9],"tags":[],"class_list":["post-1214","post","type-post","status-publish","format-standard","has-post-thumbnail","hentry","category-aktivity","category-novinky","category-oddych"],"acf":[],"uagb_featured_image_src":{"full":false,"thumbnail":false,"medium":false,"medium_large":false,"large":false,"1536x1536":false,"2048x2048":false},"uagb_author_info":{"display_name":"schnicel","author_link":"https:\/\/regiongron.sk\/hu\/author\/schnicel\/"},"uagb_comment_info":0,"uagb_excerpt":"Brehy boli p\u00f4vodne ban\u00edcka obec, ktorej obyvatelia sa \u017eivili aj povozn\u00edctvom a lesn\u00edctvom. Po \u00fapadku ban\u00edctva sa museli dom\u00e1ci za\u010da\u0165 venova\u0165 in\u00fdm \u010dinnostiam a najroz\u0161\u00edrenej\u0161\u00edm remeslom Bre\u017eanov sa stalo hrn\u010diarstvo. Najstar\u0161ia zmienka poch\u00e1dza z roku 1692, kedy sa v obci spom\u00ednaj\u00fa 3 hrn\u010diari a 1 hrn\u010diarsky u\u010de\u0148. Postupne vznikli hrn\u010diarske rody, kde sa remeslo dedilo&hellip;","_links":{"self":[{"href":"https:\/\/regiongron.sk\/hu\/wp-json\/wp\/v2\/posts\/1214","targetHints":{"allow":["GET"]}}],"collection":[{"href":"https:\/\/regiongron.sk\/hu\/wp-json\/wp\/v2\/posts"}],"about":[{"href":"https:\/\/regiongron.sk\/hu\/wp-json\/wp\/v2\/types\/post"}],"author":[{"embeddable":true,"href":"https:\/\/regiongron.sk\/hu\/wp-json\/wp\/v2\/users\/1"}],"replies":[{"embeddable":true,"href":"https:\/\/regiongron.sk\/hu\/wp-json\/wp\/v2\/comments?post=1214"}],"version-history":[{"count":3,"href":"https:\/\/regiongron.sk\/hu\/wp-json\/wp\/v2\/posts\/1214\/revisions"}],"predecessor-version":[{"id":21120,"href":"https:\/\/regiongron.sk\/hu\/wp-json\/wp\/v2\/posts\/1214\/revisions\/21120"}],"wp:featuredmedia":[{"embeddable":true,"href":"https:\/\/regiongron.sk\/hu\/wp-json\/"}],"wp:attachment":[{"href":"https:\/\/regiongron.sk\/hu\/wp-json\/wp\/v2\/media?parent=1214"}],"wp:term":[{"taxonomy":"category","embeddable":true,"href":"https:\/\/regiongron.sk\/hu\/wp-json\/wp\/v2\/categories?post=1214"},{"taxonomy":"post_tag","embeddable":true,"href":"https:\/\/regiongron.sk\/hu\/wp-json\/wp\/v2\/tags?post=1214"}],"curies":[{"name":"wp","href":"https:\/\/api.w.org\/{rel}","templated":true}]}}