{"id":15477,"date":"2023-02-17T14:20:30","date_gmt":"2023-02-17T13:20:30","guid":{"rendered":"https:\/\/new.regiongron.sk\/?p=15477"},"modified":"2025-03-27T23:58:40","modified_gmt":"2025-03-27T22:58:40","slug":"zaniknuty-hrad-teplica","status":"publish","type":"post","link":"https:\/\/regiongron.sk\/hu\/zaniknuty-hrad-teplica\/","title":{"rendered":"Az egykori Teplica v\u00e1ra"},"content":{"rendered":"\n<figure class=\"wp-block-image size-large\"><img loading=\"lazy\" decoding=\"async\" width=\"1024\" height=\"683\" src=\"http:\/\/regiongron.sk\/wp-content\/uploads\/2023\/02\/Hrad-Teplica-1024x683.jpg\" alt=\"hrad teplica\n\" class=\"wp-image-16267\" srcset=\"https:\/\/regiongron.sk\/hu\/wp-content\/uploads\/2023\/02\/Hrad-Teplica-1024x683.jpg 1024w, https:\/\/regiongron.sk\/hu\/wp-content\/uploads\/2023\/02\/Hrad-Teplica-600x400.jpg 600w, https:\/\/regiongron.sk\/hu\/wp-content\/uploads\/2023\/02\/Hrad-Teplica-768x512.jpg 768w, https:\/\/regiongron.sk\/hu\/wp-content\/uploads\/2023\/02\/Hrad-Teplica-1536x1024.jpg 1536w, https:\/\/regiongron.sk\/hu\/wp-content\/uploads\/2023\/02\/Hrad-Teplica-2048x1365.jpg 2048w, https:\/\/regiongron.sk\/hu\/wp-content\/uploads\/2023\/02\/Hrad-Teplica-scaled.jpg 2560w\" sizes=\"auto, (max-width: 1024px) 100vw, 1024px\" \/><\/figure>\n\n\n\n<p>Teplica v\u00e1ra valaha a Szklen\u00f3f\u00fcrd\u0151 \u00e9s Repistye telep\u00fcl\u00e9sekt\u0151l nem messze \u00e1llt. Val\u00f3sz\u00edn\u0171leg a XIII. sz\u00e1zadban \u00e9p\u00edtett\u00e9k, \u00e9s a magyar tr\u00f3n\u00e9rt folytatott k\u00fczdelmekben a tulajdonosai gyakran cser\u00e9l\u0151dtek. Fokozatosan vesz\u00edtett a jelent\u0151s\u00e9g\u00e9b\u0151l, \u00e9s a XVI. \u00e9s XVII sz\u00e1zad fordul\u00f3j\u00e1n val\u00f3sz\u00edn\u0171leg teljesen elpusztult. Ma m\u00e1r csak terep egyenetlens\u00e9geket \u00e9s az er\u0151d\u00edtm\u00e9ny falmaradv\u00e1nyait tal\u00e1ljuk itt.<\/p>\n\n\n\n<figure class=\"wp-block-gallery has-nested-images columns-default is-cropped wp-block-gallery-1 is-layout-flex wp-block-gallery-is-layout-flex\">\n<figure class=\"wp-block-image size-full\"><img loading=\"lazy\" decoding=\"async\" width=\"2560\" height=\"1707\" data-id=\"16268\" src=\"https:\/\/regiongron.sk\/wp-content\/uploads\/2023\/02\/Mobiliar-PHC-2-scaled.jpg\" alt=\"\" class=\"wp-image-16268\" srcset=\"https:\/\/regiongron.sk\/hu\/wp-content\/uploads\/2023\/02\/Mobiliar-PHC-2-scaled.jpg 2560w, https:\/\/regiongron.sk\/hu\/wp-content\/uploads\/2023\/02\/Mobiliar-PHC-2-600x400.jpg 600w, https:\/\/regiongron.sk\/hu\/wp-content\/uploads\/2023\/02\/Mobiliar-PHC-2-1024x683.jpg 1024w, https:\/\/regiongron.sk\/hu\/wp-content\/uploads\/2023\/02\/Mobiliar-PHC-2-768x512.jpg 768w, https:\/\/regiongron.sk\/hu\/wp-content\/uploads\/2023\/02\/Mobiliar-PHC-2-1536x1024.jpg 1536w, https:\/\/regiongron.sk\/hu\/wp-content\/uploads\/2023\/02\/Mobiliar-PHC-2-2048x1365.jpg 2048w\" sizes=\"auto, (max-width: 2560px) 100vw, 2560px\" \/><\/figure>\n\n\n\n<figure class=\"wp-block-image size-full\"><img loading=\"lazy\" decoding=\"async\" width=\"1024\" height=\"563\" data-id=\"16147\" src=\"https:\/\/regiongron.sk\/wp-content\/uploads\/2023\/02\/hrad-teplica-ilustracia.png\" alt=\"Hrad teplica ilustr\u00e1cia\" class=\"wp-image-16147\" srcset=\"https:\/\/regiongron.sk\/hu\/wp-content\/uploads\/2023\/02\/hrad-teplica-ilustracia.png 1024w, https:\/\/regiongron.sk\/hu\/wp-content\/uploads\/2023\/02\/hrad-teplica-ilustracia-600x330.png 600w, https:\/\/regiongron.sk\/hu\/wp-content\/uploads\/2023\/02\/hrad-teplica-ilustracia-768x422.png 768w\" sizes=\"auto, (max-width: 1024px) 100vw, 1024px\" \/><figcaption class=\"wp-element-caption\">Zaniknut\u00fd hrad Teplica, predpokladan\u00fd vzh\u013ead v 15. storo\u010d\u00ed<\/figcaption><\/figure>\n\n\n\n<figure class=\"wp-block-image size-full\"><img loading=\"lazy\" decoding=\"async\" width=\"2560\" height=\"1707\" data-id=\"16123\" src=\"https:\/\/regiongron.sk\/wp-content\/uploads\/2023\/02\/Zaniknuty-hrad-Teplica-totem-scaled.jpg\" alt=\"zaniknuty hrad teplica\" class=\"wp-image-16123\" srcset=\"https:\/\/regiongron.sk\/hu\/wp-content\/uploads\/2023\/02\/Zaniknuty-hrad-Teplica-totem-scaled.jpg 2560w, https:\/\/regiongron.sk\/hu\/wp-content\/uploads\/2023\/02\/Zaniknuty-hrad-Teplica-totem-600x400.jpg 600w, https:\/\/regiongron.sk\/hu\/wp-content\/uploads\/2023\/02\/Zaniknuty-hrad-Teplica-totem-1024x683.jpg 1024w, https:\/\/regiongron.sk\/hu\/wp-content\/uploads\/2023\/02\/Zaniknuty-hrad-Teplica-totem-768x512.jpg 768w, https:\/\/regiongron.sk\/hu\/wp-content\/uploads\/2023\/02\/Zaniknuty-hrad-Teplica-totem-1536x1024.jpg 1536w, https:\/\/regiongron.sk\/hu\/wp-content\/uploads\/2023\/02\/Zaniknuty-hrad-Teplica-totem-2048x1365.jpg 2048w\" sizes=\"auto, (max-width: 2560px) 100vw, 2560px\" \/><\/figure>\n<\/figure>\n\n\n\n<iframe loading=\"lazy\" style=\"border:none\" src=\"https:\/\/sk.frame.mapy.cz\/s\/gafucasace\" width=\"100%\" height=\"350\" frameborder=\"0\"><\/iframe>\n\n\n\n\n","protected":false},"excerpt":{"rendered":"<p>Teplica v\u00e1ra valaha a Szklen\u00f3f\u00fcrd\u0151 \u00e9s Repistye telep\u00fcl\u00e9sekt\u0151l nem messze \u00e1llt. Val\u00f3sz\u00edn\u0171leg a XIII. sz\u00e1zadban \u00e9p\u00edtett\u00e9k, \u00e9s a magyar tr\u00f3n\u00e9rt folytatott k\u00fczdelmekben a tulajdonosai gyakran cser\u00e9l\u0151dtek. Fokozatosan vesz\u00edtett a jelent\u0151s\u00e9g\u00e9b\u0151l, \u00e9s a XVI. \u00e9s XVII sz\u00e1zad fordul\u00f3j\u00e1n val\u00f3sz\u00edn\u0171leg teljesen elpusztult. Ma m\u00e1r csak terep egyenetlens\u00e9geket \u00e9s az er\u0151d\u00edtm\u00e9ny falmaradv\u00e1nyait tal\u00e1ljuk itt.<\/p>\n","protected":false},"author":2,"featured_media":16123,"comment_status":"open","ping_status":"open","sticky":false,"template":"","format":"standard","meta":{"_acf_changed":false,"inline_featured_image":false,"_uag_custom_page_level_css":"","footnotes":""},"categories":[3,31],"tags":[],"class_list":["post-15477","post","type-post","status-publish","format-standard","has-post-thumbnail","hentry","category-historicke-pamiatky","category-pohronska-hradna-cesta"],"acf":[],"uagb_featured_image_src":{"full":["https:\/\/regiongron.sk\/hu\/wp-content\/uploads\/2023\/02\/Zaniknuty-hrad-Teplica-totem-scaled.jpg",2560,1707,false],"thumbnail":["https:\/\/regiongron.sk\/hu\/wp-content\/uploads\/2023\/02\/Zaniknuty-hrad-Teplica-totem-400x400.jpg",400,400,true],"medium":["https:\/\/regiongron.sk\/hu\/wp-content\/uploads\/2023\/02\/Zaniknuty-hrad-Teplica-totem-600x400.jpg",600,400,true],"medium_large":["https:\/\/regiongron.sk\/hu\/wp-content\/uploads\/2023\/02\/Zaniknuty-hrad-Teplica-totem-768x512.jpg",768,512,true],"large":["https:\/\/regiongron.sk\/hu\/wp-content\/uploads\/2023\/02\/Zaniknuty-hrad-Teplica-totem-1024x683.jpg",1024,683,true],"1536x1536":["https:\/\/regiongron.sk\/hu\/wp-content\/uploads\/2023\/02\/Zaniknuty-hrad-Teplica-totem-1536x1024.jpg",1536,1024,true],"2048x2048":["https:\/\/regiongron.sk\/hu\/wp-content\/uploads\/2023\/02\/Zaniknuty-hrad-Teplica-totem-2048x1365.jpg",2048,1365,true]},"uagb_author_info":{"display_name":"regiongron","author_link":"https:\/\/regiongron.sk\/hu\/author\/regiongron\/"},"uagb_comment_info":0,"uagb_excerpt":"Teplica v\u00e1ra valaha a Szklen\u00f3f\u00fcrd\u0151 \u00e9s Repistye telep\u00fcl\u00e9sekt\u0151l nem messze \u00e1llt. Val\u00f3sz\u00edn\u0171leg a XIII. sz\u00e1zadban \u00e9p\u00edtett\u00e9k, \u00e9s a magyar tr\u00f3n\u00e9rt folytatott k\u00fczdelmekben a tulajdonosai gyakran cser\u00e9l\u0151dtek. Fokozatosan vesz\u00edtett a jelent\u0151s\u00e9g\u00e9b\u0151l, \u00e9s a XVI. \u00e9s XVII sz\u00e1zad fordul\u00f3j\u00e1n val\u00f3sz\u00edn\u0171leg teljesen elpusztult. Ma m\u00e1r csak terep egyenetlens\u00e9geket \u00e9s az er\u0151d\u00edtm\u00e9ny falmaradv\u00e1nyait tal\u00e1ljuk itt.","_links":{"self":[{"href":"https:\/\/regiongron.sk\/hu\/wp-json\/wp\/v2\/posts\/15477","targetHints":{"allow":["GET"]}}],"collection":[{"href":"https:\/\/regiongron.sk\/hu\/wp-json\/wp\/v2\/posts"}],"about":[{"href":"https:\/\/regiongron.sk\/hu\/wp-json\/wp\/v2\/types\/post"}],"author":[{"embeddable":true,"href":"https:\/\/regiongron.sk\/hu\/wp-json\/wp\/v2\/users\/2"}],"replies":[{"embeddable":true,"href":"https:\/\/regiongron.sk\/hu\/wp-json\/wp\/v2\/comments?post=15477"}],"version-history":[{"count":6,"href":"https:\/\/regiongron.sk\/hu\/wp-json\/wp\/v2\/posts\/15477\/revisions"}],"predecessor-version":[{"id":24089,"href":"https:\/\/regiongron.sk\/hu\/wp-json\/wp\/v2\/posts\/15477\/revisions\/24089"}],"wp:featuredmedia":[{"embeddable":true,"href":"https:\/\/regiongron.sk\/hu\/wp-json\/wp\/v2\/media\/16123"}],"wp:attachment":[{"href":"https:\/\/regiongron.sk\/hu\/wp-json\/wp\/v2\/media?parent=15477"}],"wp:term":[{"taxonomy":"category","embeddable":true,"href":"https:\/\/regiongron.sk\/hu\/wp-json\/wp\/v2\/categories?post=15477"},{"taxonomy":"post_tag","embeddable":true,"href":"https:\/\/regiongron.sk\/hu\/wp-json\/wp\/v2\/tags?post=15477"}],"curies":[{"name":"wp","href":"https:\/\/api.w.org\/{rel}","templated":true}]}}