{"id":15480,"date":"2023-02-17T14:21:21","date_gmt":"2023-02-17T13:21:21","guid":{"rendered":"https:\/\/new.regiongron.sk\/?p=15480"},"modified":"2025-03-27T23:59:55","modified_gmt":"2025-03-27T22:59:55","slug":"zaniknuty-hradok-sokolia-skala","status":"publish","type":"post","link":"https:\/\/regiongron.sk\/hu\/zaniknuty-hradok-sokolia-skala\/","title":{"rendered":"Az egykori S\u00f3lyom szikla v\u00e1r"},"content":{"rendered":"\n<figure class=\"wp-block-image size-large\"><img loading=\"lazy\" decoding=\"async\" width=\"1024\" height=\"683\" src=\"http:\/\/regiongron.sk\/wp-content\/uploads\/2023\/02\/Hradok-Sokolia-skala-zaniknuty-1024x683.jpg\" alt=\"hr\u00e1dok sokolia skala\n\" class=\"wp-image-16270\" srcset=\"https:\/\/regiongron.sk\/hu\/wp-content\/uploads\/2023\/02\/Hradok-Sokolia-skala-zaniknuty-1024x683.jpg 1024w, https:\/\/regiongron.sk\/hu\/wp-content\/uploads\/2023\/02\/Hradok-Sokolia-skala-zaniknuty-600x400.jpg 600w, https:\/\/regiongron.sk\/hu\/wp-content\/uploads\/2023\/02\/Hradok-Sokolia-skala-zaniknuty-768x512.jpg 768w, https:\/\/regiongron.sk\/hu\/wp-content\/uploads\/2023\/02\/Hradok-Sokolia-skala-zaniknuty-1536x1024.jpg 1536w, https:\/\/regiongron.sk\/hu\/wp-content\/uploads\/2023\/02\/Hradok-Sokolia-skala-zaniknuty-2048x1365.jpg 2048w, https:\/\/regiongron.sk\/hu\/wp-content\/uploads\/2023\/02\/Hradok-Sokolia-skala-zaniknuty-scaled.jpg 2560w\" sizes=\"auto, (max-width: 1024px) 100vw, 1024px\" \/><\/figure>\n\n\n\n<p>Kisebb k\u00f6z\u00e9pkori f\u00f6ld-fa szerkezet\u0171 v\u00e1r, nem messze a Berzence v\u00e1r\u00e1t\u00f3l, sziklaszirten \u00e9p\u00fclt annak rem\u00e9ny\u00e9ben, hogy \u00edgy jobban tudja majd ellen\u0151rizni a Chv\u00e1lensk\u00e1 dolina v\u00f6lgy\u00f6n kereszt\u00fcl vezet\u0151 utat. A v\u00e1rb\u00f3l ma m\u00e1r csak a f\u00f6ldb\u00e1stya maradv\u00e1nyait l\u00e1thatjuk.<\/p>\n\n\n\n<figure class=\"wp-block-gallery has-nested-images columns-default is-cropped wp-block-gallery-1 is-layout-flex wp-block-gallery-is-layout-flex\">\n<figure class=\"wp-block-image size-full\"><img loading=\"lazy\" decoding=\"async\" width=\"1024\" height=\"680\" data-id=\"14762\" src=\"https:\/\/regiongron.sk\/wp-content\/uploads\/2023\/02\/sokolia-skala-1.jpg\" alt=\"Hr\u00e1dok Sokolia skala ilustr\u00e1cia\" class=\"wp-image-14762\" srcset=\"https:\/\/regiongron.sk\/hu\/wp-content\/uploads\/2023\/02\/sokolia-skala-1.jpg 1024w, https:\/\/regiongron.sk\/hu\/wp-content\/uploads\/2023\/02\/sokolia-skala-1-600x398.jpg 600w, https:\/\/regiongron.sk\/hu\/wp-content\/uploads\/2023\/02\/sokolia-skala-1-768x510.jpg 768w\" sizes=\"auto, (max-width: 1024px) 100vw, 1024px\" \/><figcaption class=\"wp-element-caption\">Hr\u00e1dok Sokolia skala, ilustr\u00e1cia predpokladan\u00e9ho vzh\u013eadu<\/figcaption><\/figure>\n\n\n\n<figure class=\"wp-block-image size-full\"><img loading=\"lazy\" decoding=\"async\" width=\"2560\" height=\"1920\" data-id=\"16272\" src=\"https:\/\/regiongron.sk\/wp-content\/uploads\/2023\/02\/Sokolia-skala-2-scaled.jpg\" alt=\"\" class=\"wp-image-16272\" srcset=\"https:\/\/regiongron.sk\/hu\/wp-content\/uploads\/2023\/02\/Sokolia-skala-2-scaled.jpg 2560w, https:\/\/regiongron.sk\/hu\/wp-content\/uploads\/2023\/02\/Sokolia-skala-2-600x450.jpg 600w, https:\/\/regiongron.sk\/hu\/wp-content\/uploads\/2023\/02\/Sokolia-skala-2-1024x768.jpg 1024w, https:\/\/regiongron.sk\/hu\/wp-content\/uploads\/2023\/02\/Sokolia-skala-2-768x576.jpg 768w, https:\/\/regiongron.sk\/hu\/wp-content\/uploads\/2023\/02\/Sokolia-skala-2-1536x1152.jpg 1536w, https:\/\/regiongron.sk\/hu\/wp-content\/uploads\/2023\/02\/Sokolia-skala-2-2048x1536.jpg 2048w\" sizes=\"auto, (max-width: 2560px) 100vw, 2560px\" \/><\/figure>\n<\/figure>\n\n\n\n<iframe loading=\"lazy\" style=\"border:none\" src=\"https:\/\/sk.frame.mapy.cz\/s\/cezesukunu\" width=\"100%\" height=\"350\" frameborder=\"0\"><\/iframe>\n\n\n\n\n","protected":false},"excerpt":{"rendered":"<p>Kisebb k\u00f6z\u00e9pkori f\u00f6ld-fa szerkezet\u0171 v\u00e1r, nem messze a Berzence v\u00e1r\u00e1t\u00f3l, sziklaszirten \u00e9p\u00fclt annak rem\u00e9ny\u00e9ben, hogy \u00edgy jobban tudja majd ellen\u0151rizni a Chv\u00e1lensk\u00e1 dolina v\u00f6lgy\u00f6n kereszt\u00fcl vezet\u0151 utat. A v\u00e1rb\u00f3l ma m\u00e1r csak a f\u00f6ldb\u00e1stya maradv\u00e1nyait l\u00e1thatjuk.<\/p>\n","protected":false},"author":2,"featured_media":16270,"comment_status":"open","ping_status":"open","sticky":false,"template":"","format":"standard","meta":{"_acf_changed":false,"inline_featured_image":false,"_uag_custom_page_level_css":"","footnotes":""},"categories":[3,31],"tags":[],"class_list":["post-15480","post","type-post","status-publish","format-standard","has-post-thumbnail","hentry","category-historicke-pamiatky","category-pohronska-hradna-cesta"],"acf":[],"uagb_featured_image_src":{"full":["https:\/\/regiongron.sk\/hu\/wp-content\/uploads\/2023\/02\/Hradok-Sokolia-skala-zaniknuty-scaled.jpg",2560,1707,false],"thumbnail":["https:\/\/regiongron.sk\/hu\/wp-content\/uploads\/2023\/02\/Hradok-Sokolia-skala-zaniknuty-400x400.jpg",400,400,true],"medium":["https:\/\/regiongron.sk\/hu\/wp-content\/uploads\/2023\/02\/Hradok-Sokolia-skala-zaniknuty-600x400.jpg",600,400,true],"medium_large":["https:\/\/regiongron.sk\/hu\/wp-content\/uploads\/2023\/02\/Hradok-Sokolia-skala-zaniknuty-768x512.jpg",768,512,true],"large":["https:\/\/regiongron.sk\/hu\/wp-content\/uploads\/2023\/02\/Hradok-Sokolia-skala-zaniknuty-1024x683.jpg",1024,683,true],"1536x1536":["https:\/\/regiongron.sk\/hu\/wp-content\/uploads\/2023\/02\/Hradok-Sokolia-skala-zaniknuty-1536x1024.jpg",1536,1024,true],"2048x2048":["https:\/\/regiongron.sk\/hu\/wp-content\/uploads\/2023\/02\/Hradok-Sokolia-skala-zaniknuty-2048x1365.jpg",2048,1365,true]},"uagb_author_info":{"display_name":"regiongron","author_link":"https:\/\/regiongron.sk\/hu\/author\/regiongron\/"},"uagb_comment_info":0,"uagb_excerpt":"Kisebb k\u00f6z\u00e9pkori f\u00f6ld-fa szerkezet\u0171 v\u00e1r, nem messze a Berzence v\u00e1r\u00e1t\u00f3l, sziklaszirten \u00e9p\u00fclt annak rem\u00e9ny\u00e9ben, hogy \u00edgy jobban tudja majd ellen\u0151rizni a Chv\u00e1lensk\u00e1 dolina v\u00f6lgy\u00f6n kereszt\u00fcl vezet\u0151 utat. A v\u00e1rb\u00f3l ma m\u00e1r csak a f\u00f6ldb\u00e1stya maradv\u00e1nyait l\u00e1thatjuk.","_links":{"self":[{"href":"https:\/\/regiongron.sk\/hu\/wp-json\/wp\/v2\/posts\/15480","targetHints":{"allow":["GET"]}}],"collection":[{"href":"https:\/\/regiongron.sk\/hu\/wp-json\/wp\/v2\/posts"}],"about":[{"href":"https:\/\/regiongron.sk\/hu\/wp-json\/wp\/v2\/types\/post"}],"author":[{"embeddable":true,"href":"https:\/\/regiongron.sk\/hu\/wp-json\/wp\/v2\/users\/2"}],"replies":[{"embeddable":true,"href":"https:\/\/regiongron.sk\/hu\/wp-json\/wp\/v2\/comments?post=15480"}],"version-history":[{"count":5,"href":"https:\/\/regiongron.sk\/hu\/wp-json\/wp\/v2\/posts\/15480\/revisions"}],"predecessor-version":[{"id":24091,"href":"https:\/\/regiongron.sk\/hu\/wp-json\/wp\/v2\/posts\/15480\/revisions\/24091"}],"wp:featuredmedia":[{"embeddable":true,"href":"https:\/\/regiongron.sk\/hu\/wp-json\/wp\/v2\/media\/16270"}],"wp:attachment":[{"href":"https:\/\/regiongron.sk\/hu\/wp-json\/wp\/v2\/media?parent=15480"}],"wp:term":[{"taxonomy":"category","embeddable":true,"href":"https:\/\/regiongron.sk\/hu\/wp-json\/wp\/v2\/categories?post=15480"},{"taxonomy":"post_tag","embeddable":true,"href":"https:\/\/regiongron.sk\/hu\/wp-json\/wp\/v2\/tags?post=15480"}],"curies":[{"name":"wp","href":"https:\/\/api.w.org\/{rel}","templated":true}]}}