{"id":15518,"date":"2023-02-17T14:52:39","date_gmt":"2023-02-17T13:52:39","guid":{"rendered":"https:\/\/new.regiongron.sk\/?p=15518"},"modified":"2025-04-08T11:36:14","modified_gmt":"2025-04-08T09:36:14","slug":"rozhladna-haj","status":"publish","type":"post","link":"https:\/\/regiongron.sk\/hu\/rozhladna-haj\/","title":{"rendered":"A H\u00e1j Kil\u00e1t\u00f3"},"content":{"rendered":"\n<p>A H\u00e1j kil\u00e1t\u00f3 a r\u00e9gi\u00f3 kedvelt turista c\u00e9lpontja. \u00dajb\u00e1ny\u00e1b\u00f3l, a Koh\u00fatovo zar\u00e1ndokhelyr\u0151l indul\u00f3 s\u00e1rga jelz\u00e9s\u0171 k\u00f6r\u00fat vezet oda. A kil\u00e1t\u00f3 ki\u00fcl\u0151vel is ell\u00e1tott s\u00edk terepen tal\u00e1lhat\u00f3, \u00e9s kil\u00e1t\u00e1s ny\u00edlik innen \u00dajb\u00e1ny\u00e1ra \u00e9s a k\u00f6rny\u00e9k\u00e9re. K\u00f6zelben tal\u00e1lhat\u00f3 az egykori k\u0151b\u00e1nya, ahol a h\u00edres \u00fajb\u00e1nyai riolitot b\u00e1ny\u00e1szt\u00e1k. Az \u00fatvonal kil\u00e1t\u00f3pontokkal rendelkez\u0151 Veresk\u0151 \u00e9s Holl\u00f3szikla mellett vezet, \u00e9s a Zvoni\u010dka \u00fcd\u00fcl\u0151\u00f6vezetben \u00e9r v\u00e9get. A kil\u00e1t\u00f3n\u00e1l egy eg\u00e9sz \u00e9vben nyitva tart\u00f3 b\u00fcf\u00e9 is m\u0171k\u00f6dik, \u00e9s a ny\u00e1ri szezonban sz\u00e1mos \u00e9rdekes rendezv\u00e9ny sz\u00ednhelye. 2022-ben l\u00e9trehoztak itt egy via ferrata p\u00e1ly\u00e1t is a gyermekek \u00e9s a kezd\u0151k sz\u00e1m\u00e1ra. Az \u00fatvonal v\u00e9g\u00fcl a k\u00fcl\u00f6nleges Kerti erd\u0151 arbor\u00e9tum mellett halad el, amely helyi \u00e9s k\u00fclf\u00f6ldi f\u00e1s n\u00f6v\u00e9nyekb\u0151l \u00e1ll.<\/p>\n\n\n\n<figure class=\"wp-block-image size-large\"><img loading=\"lazy\" decoding=\"async\" width=\"1024\" height=\"683\" src=\"https:\/\/regiongron.sk\/wp-content\/uploads\/2023\/02\/DSC00026-1-1024x683.jpg\" alt=\"rozh\u013ead\u0148a h\u00e1j\" class=\"wp-image-15451\" srcset=\"https:\/\/regiongron.sk\/hu\/wp-content\/uploads\/2023\/02\/DSC00026-1-1024x683.jpg 1024w, https:\/\/regiongron.sk\/hu\/wp-content\/uploads\/2023\/02\/DSC00026-1-600x400.jpg 600w, https:\/\/regiongron.sk\/hu\/wp-content\/uploads\/2023\/02\/DSC00026-1-768x512.jpg 768w, https:\/\/regiongron.sk\/hu\/wp-content\/uploads\/2023\/02\/DSC00026-1-1536x1024.jpg 1536w, https:\/\/regiongron.sk\/hu\/wp-content\/uploads\/2023\/02\/DSC00026-1-2048x1365.jpg 2048w, https:\/\/regiongron.sk\/hu\/wp-content\/uploads\/2023\/02\/DSC00026-1-scaled.jpg 2560w\" sizes=\"auto, (max-width: 1024px) 100vw, 1024px\" \/><\/figure>\n\n\n\n<iframe loading=\"lazy\" style=\"border:none\" src=\"https:\/\/sk.frame.mapy.cz\/s\/fovuponoju\" width=\"100%\" height=\"400\" frameborder=\"0\"><\/iframe>\n\n\n\n\n","protected":false},"excerpt":{"rendered":"<p>A H\u00e1j kil\u00e1t\u00f3 a r\u00e9gi\u00f3 kedvelt turista c\u00e9lpontja. \u00dajb\u00e1ny\u00e1b\u00f3l, a Koh\u00fatovo zar\u00e1ndokhelyr\u0151l indul\u00f3 s\u00e1rga jelz\u00e9s\u0171 k\u00f6r\u00fat vezet oda. A kil\u00e1t\u00f3 ki\u00fcl\u0151vel is ell\u00e1tott s\u00edk terepen tal\u00e1lhat\u00f3, \u00e9s kil\u00e1t\u00e1s ny\u00edlik innen \u00dajb\u00e1ny\u00e1ra \u00e9s a k\u00f6rny\u00e9k\u00e9re. K\u00f6zelben tal\u00e1lhat\u00f3 az egykori k\u0151b\u00e1nya, ahol a h\u00edres \u00fajb\u00e1nyai riolitot b\u00e1ny\u00e1szt\u00e1k. Az \u00fatvonal kil\u00e1t\u00f3pontokkal rendelkez\u0151 Veresk\u0151 \u00e9s Holl\u00f3szikla mellett vezet, \u00e9s [&hellip;]<\/p>\n","protected":false},"author":2,"featured_media":15451,"comment_status":"open","ping_status":"open","sticky":false,"template":"","format":"standard","meta":{"_acf_changed":false,"inline_featured_image":false,"_uag_custom_page_level_css":"","footnotes":""},"categories":[36,35],"tags":[],"class_list":["post-15518","post","type-post","status-publish","format-standard","has-post-thumbnail","hentry","category-pesia-turistika","category-turistika-a-cykloturistika"],"acf":[],"uagb_featured_image_src":{"full":["https:\/\/regiongron.sk\/hu\/wp-content\/uploads\/2023\/02\/DSC00026-1-scaled.jpg",2560,1707,false],"thumbnail":["https:\/\/regiongron.sk\/hu\/wp-content\/uploads\/2023\/02\/DSC00026-1-400x400.jpg",400,400,true],"medium":["https:\/\/regiongron.sk\/hu\/wp-content\/uploads\/2023\/02\/DSC00026-1-600x400.jpg",600,400,true],"medium_large":["https:\/\/regiongron.sk\/hu\/wp-content\/uploads\/2023\/02\/DSC00026-1-768x512.jpg",768,512,true],"large":["https:\/\/regiongron.sk\/hu\/wp-content\/uploads\/2023\/02\/DSC00026-1-1024x683.jpg",1024,683,true],"1536x1536":["https:\/\/regiongron.sk\/hu\/wp-content\/uploads\/2023\/02\/DSC00026-1-1536x1024.jpg",1536,1024,true],"2048x2048":["https:\/\/regiongron.sk\/hu\/wp-content\/uploads\/2023\/02\/DSC00026-1-2048x1365.jpg",2048,1365,true]},"uagb_author_info":{"display_name":"regiongron","author_link":"https:\/\/regiongron.sk\/hu\/author\/regiongron\/"},"uagb_comment_info":0,"uagb_excerpt":"A H\u00e1j kil\u00e1t\u00f3 a r\u00e9gi\u00f3 kedvelt turista c\u00e9lpontja. \u00dajb\u00e1ny\u00e1b\u00f3l, a Koh\u00fatovo zar\u00e1ndokhelyr\u0151l indul\u00f3 s\u00e1rga jelz\u00e9s\u0171 k\u00f6r\u00fat vezet oda. A kil\u00e1t\u00f3 ki\u00fcl\u0151vel is ell\u00e1tott s\u00edk terepen tal\u00e1lhat\u00f3, \u00e9s kil\u00e1t\u00e1s ny\u00edlik innen \u00dajb\u00e1ny\u00e1ra \u00e9s a k\u00f6rny\u00e9k\u00e9re. K\u00f6zelben tal\u00e1lhat\u00f3 az egykori k\u0151b\u00e1nya, ahol a h\u00edres \u00fajb\u00e1nyai riolitot b\u00e1ny\u00e1szt\u00e1k. Az \u00fatvonal kil\u00e1t\u00f3pontokkal rendelkez\u0151 Veresk\u0151 \u00e9s Holl\u00f3szikla mellett vezet, \u00e9s&hellip;","_links":{"self":[{"href":"https:\/\/regiongron.sk\/hu\/wp-json\/wp\/v2\/posts\/15518","targetHints":{"allow":["GET"]}}],"collection":[{"href":"https:\/\/regiongron.sk\/hu\/wp-json\/wp\/v2\/posts"}],"about":[{"href":"https:\/\/regiongron.sk\/hu\/wp-json\/wp\/v2\/types\/post"}],"author":[{"embeddable":true,"href":"https:\/\/regiongron.sk\/hu\/wp-json\/wp\/v2\/users\/2"}],"replies":[{"embeddable":true,"href":"https:\/\/regiongron.sk\/hu\/wp-json\/wp\/v2\/comments?post=15518"}],"version-history":[{"count":4,"href":"https:\/\/regiongron.sk\/hu\/wp-json\/wp\/v2\/posts\/15518\/revisions"}],"predecessor-version":[{"id":24098,"href":"https:\/\/regiongron.sk\/hu\/wp-json\/wp\/v2\/posts\/15518\/revisions\/24098"}],"wp:featuredmedia":[{"embeddable":true,"href":"https:\/\/regiongron.sk\/hu\/wp-json\/wp\/v2\/media\/15451"}],"wp:attachment":[{"href":"https:\/\/regiongron.sk\/hu\/wp-json\/wp\/v2\/media?parent=15518"}],"wp:term":[{"taxonomy":"category","embeddable":true,"href":"https:\/\/regiongron.sk\/hu\/wp-json\/wp\/v2\/categories?post=15518"},{"taxonomy":"post_tag","embeddable":true,"href":"https:\/\/regiongron.sk\/hu\/wp-json\/wp\/v2\/tags?post=15518"}],"curies":[{"name":"wp","href":"https:\/\/api.w.org\/{rel}","templated":true}]}}