{"id":15521,"date":"2023-02-17T14:56:13","date_gmt":"2023-02-17T13:56:13","guid":{"rendered":"https:\/\/new.regiongron.sk\/?p=15521"},"modified":"2025-04-08T12:06:29","modified_gmt":"2025-04-08T10:06:29","slug":"kecka-nad-bralcami","status":"publish","type":"post","link":"https:\/\/regiongron.sk\/hu\/kecka-nad-bralcami\/","title":{"rendered":"Ke\u010dka nad Bralcami"},"content":{"rendered":"\n<p>Az \u00fatvonalat ismer\u0151 turist\u00e1k a Szlov\u00e1k Paradicsomhoz hasonl\u00edtj\u00e1k. A hely a Selmeci-hegys\u00e9g sz\u00e9l\u00e9n tal\u00e1lhat\u00f3, a Szklen\u00f3f\u00fcrd\u0151 fel\u00e9 vezet\u0151 \u00faton. A Ke\u010dka fel\u00e9 vezet\u0151 \u00fat z\u00f6ld jelz\u00e9ssel jel\u00f6lt k\u00f6r\u00fat. Azonban egyir\u00e1ny\u00fa, ami a jelz\u00e9sen is l\u00e1that\u00f3 (csak az egyik oldalon l\u00e1that\u00f3), \u00e9s sz\u00e1mos \u00e9rdekes helyen vezet kereszt\u00fcl. Erre az \u00fatvonalra jellemz\u0151ek a k\u00fcl\u00f6nleges sziklak\u00e9pz\u0151dm\u00e9nyek \u2014 a r\u00f3zsasz\u00edn riolitb\u00e1ny\u00e1szat maradv\u00e1nyai a t\u00e9rs\u00e9gben \u2014 de a v\u00e9dett n\u00f6v\u00e9nyvil\u00e1g is. A Szlov\u00e1k Paradicsomra itt a l\u00e1ncokkal \u00e9s l\u00e9tr\u00e1kkal felszerelt, szikl\u00e1s szakaszok eml\u00e9keztetnek, \u00e9s nem hi\u00e1nyzik k\u00f6rny\u00e9kre t\u00e1rul\u00f3 p\u00e1ratlan kil\u00e1t\u00e1s sem. A tapasztaltabb turist\u00e1knak javasoljuk, hogy a k\u00f6r\u00fatra Szklen\u00f3f\u00fcrd\u0151b\u0151l a Teplica v\u00e1ron \u00e1t, a s\u00e1rga, majd a z\u00f6ld jelz\u00e9seket k\u00f6vetve induljanak el. N\u00e9h\u00e1ny \u00f3r\u00e1s s\u00e9t\u00e1b\u00f3l \u00edgy egy eg\u00e9sz napos kir\u00e1ndul\u00e1s lehet.<\/p>\n\n\n\n<figure class=\"wp-block-gallery has-nested-images columns-default is-cropped wp-block-gallery-1 is-layout-flex wp-block-gallery-is-layout-flex\">\n<figure class=\"wp-block-image size-large\"><img loading=\"lazy\" decoding=\"async\" width=\"1024\" height=\"683\" data-id=\"15546\" src=\"https:\/\/regiongron.sk\/wp-content\/uploads\/2023\/02\/Kecka-nad-Bralcami-1-1024x683.jpg\" alt=\"Ke\u010dka nad Bralcami\" class=\"wp-image-15546\" srcset=\"https:\/\/regiongron.sk\/hu\/wp-content\/uploads\/2023\/02\/Kecka-nad-Bralcami-1-1024x683.jpg 1024w, https:\/\/regiongron.sk\/hu\/wp-content\/uploads\/2023\/02\/Kecka-nad-Bralcami-1-600x400.jpg 600w, https:\/\/regiongron.sk\/hu\/wp-content\/uploads\/2023\/02\/Kecka-nad-Bralcami-1-768x512.jpg 768w, https:\/\/regiongron.sk\/hu\/wp-content\/uploads\/2023\/02\/Kecka-nad-Bralcami-1-1536x1024.jpg 1536w, https:\/\/regiongron.sk\/hu\/wp-content\/uploads\/2023\/02\/Kecka-nad-Bralcami-1-2048x1365.jpg 2048w, https:\/\/regiongron.sk\/hu\/wp-content\/uploads\/2023\/02\/Kecka-nad-Bralcami-1-scaled.jpg 2560w\" sizes=\"auto, (max-width: 1024px) 100vw, 1024px\" \/><\/figure>\n\n\n\n<figure class=\"wp-block-image size-large is-style-default\"><img loading=\"lazy\" decoding=\"async\" width=\"1024\" height=\"683\" data-id=\"15549\" src=\"https:\/\/regiongron.sk\/wp-content\/uploads\/2023\/02\/Kecka-nad-Bralcami-2-1024x683.jpg\" alt=\"Ke\u010dka nad Bralcami\" class=\"wp-image-15549\" srcset=\"https:\/\/regiongron.sk\/hu\/wp-content\/uploads\/2023\/02\/Kecka-nad-Bralcami-2-1024x683.jpg 1024w, https:\/\/regiongron.sk\/hu\/wp-content\/uploads\/2023\/02\/Kecka-nad-Bralcami-2-600x400.jpg 600w, https:\/\/regiongron.sk\/hu\/wp-content\/uploads\/2023\/02\/Kecka-nad-Bralcami-2-768x512.jpg 768w, https:\/\/regiongron.sk\/hu\/wp-content\/uploads\/2023\/02\/Kecka-nad-Bralcami-2-1536x1024.jpg 1536w, https:\/\/regiongron.sk\/hu\/wp-content\/uploads\/2023\/02\/Kecka-nad-Bralcami-2-2048x1365.jpg 2048w, https:\/\/regiongron.sk\/hu\/wp-content\/uploads\/2023\/02\/Kecka-nad-Bralcami-2-scaled.jpg 2560w\" sizes=\"auto, (max-width: 1024px) 100vw, 1024px\" \/><\/figure>\n\n\n\n<figure class=\"wp-block-image size-large\"><img loading=\"lazy\" decoding=\"async\" width=\"1024\" height=\"683\" data-id=\"15552\" src=\"https:\/\/regiongron.sk\/wp-content\/uploads\/2023\/02\/Kecka-nad-Bralcami-4-1024x683.jpg\" alt=\"Ke\u010dka nad Bralcami\" class=\"wp-image-15552\" srcset=\"https:\/\/regiongron.sk\/hu\/wp-content\/uploads\/2023\/02\/Kecka-nad-Bralcami-4-1024x683.jpg 1024w, https:\/\/regiongron.sk\/hu\/wp-content\/uploads\/2023\/02\/Kecka-nad-Bralcami-4-600x400.jpg 600w, https:\/\/regiongron.sk\/hu\/wp-content\/uploads\/2023\/02\/Kecka-nad-Bralcami-4-768x512.jpg 768w, https:\/\/regiongron.sk\/hu\/wp-content\/uploads\/2023\/02\/Kecka-nad-Bralcami-4-1536x1024.jpg 1536w, https:\/\/regiongron.sk\/hu\/wp-content\/uploads\/2023\/02\/Kecka-nad-Bralcami-4-2048x1365.jpg 2048w, https:\/\/regiongron.sk\/hu\/wp-content\/uploads\/2023\/02\/Kecka-nad-Bralcami-4-scaled.jpg 2560w\" sizes=\"auto, (max-width: 1024px) 100vw, 1024px\" \/><\/figure>\n\n\n\n<figure class=\"wp-block-image size-large\"><img loading=\"lazy\" decoding=\"async\" width=\"1024\" height=\"768\" data-id=\"15553\" src=\"https:\/\/regiongron.sk\/wp-content\/uploads\/2023\/02\/Kecka-z-dronu-1024x768.jpg\" alt=\"ke\u010dka nad bralcami\" class=\"wp-image-15553\" srcset=\"https:\/\/regiongron.sk\/hu\/wp-content\/uploads\/2023\/02\/Kecka-z-dronu-1024x768.jpg 1024w, https:\/\/regiongron.sk\/hu\/wp-content\/uploads\/2023\/02\/Kecka-z-dronu-600x450.jpg 600w, https:\/\/regiongron.sk\/hu\/wp-content\/uploads\/2023\/02\/Kecka-z-dronu-768x576.jpg 768w, https:\/\/regiongron.sk\/hu\/wp-content\/uploads\/2023\/02\/Kecka-z-dronu-1536x1151.jpg 1536w, https:\/\/regiongron.sk\/hu\/wp-content\/uploads\/2023\/02\/Kecka-z-dronu-2048x1535.jpg 2048w, https:\/\/regiongron.sk\/hu\/wp-content\/uploads\/2023\/02\/Kecka-z-dronu-scaled.jpg 2560w\" sizes=\"auto, (max-width: 1024px) 100vw, 1024px\" \/><\/figure>\n<\/figure>\n\n\n\n<iframe loading=\"lazy\" style=\"border:none\" src=\"https:\/\/sk.frame.mapy.cz\/s\/cuguseneda\" width=\"100%\" height=\"400\" frameborder=\"0\"><\/iframe>\n\n\n\n\n","protected":false},"excerpt":{"rendered":"<p>Az \u00fatvonalat ismer\u0151 turist\u00e1k a Szlov\u00e1k Paradicsomhoz hasonl\u00edtj\u00e1k. A hely a Selmeci-hegys\u00e9g sz\u00e9l\u00e9n tal\u00e1lhat\u00f3, a Szklen\u00f3f\u00fcrd\u0151 fel\u00e9 vezet\u0151 \u00faton. A Ke\u010dka fel\u00e9 vezet\u0151 \u00fat z\u00f6ld jelz\u00e9ssel jel\u00f6lt k\u00f6r\u00fat. Azonban egyir\u00e1ny\u00fa, ami a jelz\u00e9sen is l\u00e1that\u00f3 (csak az egyik oldalon l\u00e1that\u00f3), \u00e9s sz\u00e1mos \u00e9rdekes helyen vezet kereszt\u00fcl. Erre az \u00fatvonalra jellemz\u0151ek a k\u00fcl\u00f6nleges sziklak\u00e9pz\u0151dm\u00e9nyek \u2014 a [&hellip;]<\/p>\n","protected":false},"author":2,"featured_media":15546,"comment_status":"open","ping_status":"open","sticky":false,"template":"","format":"standard","meta":{"_acf_changed":false,"inline_featured_image":false,"_uag_custom_page_level_css":"","footnotes":""},"categories":[36,35],"tags":[],"class_list":["post-15521","post","type-post","status-publish","format-standard","has-post-thumbnail","hentry","category-pesia-turistika","category-turistika-a-cykloturistika"],"acf":[],"uagb_featured_image_src":{"full":["https:\/\/regiongron.sk\/hu\/wp-content\/uploads\/2023\/02\/Kecka-nad-Bralcami-1-scaled.jpg",2560,1707,false],"thumbnail":["https:\/\/regiongron.sk\/hu\/wp-content\/uploads\/2023\/02\/Kecka-nad-Bralcami-1-400x400.jpg",400,400,true],"medium":["https:\/\/regiongron.sk\/hu\/wp-content\/uploads\/2023\/02\/Kecka-nad-Bralcami-1-600x400.jpg",600,400,true],"medium_large":["https:\/\/regiongron.sk\/hu\/wp-content\/uploads\/2023\/02\/Kecka-nad-Bralcami-1-768x512.jpg",768,512,true],"large":["https:\/\/regiongron.sk\/hu\/wp-content\/uploads\/2023\/02\/Kecka-nad-Bralcami-1-1024x683.jpg",1024,683,true],"1536x1536":["https:\/\/regiongron.sk\/hu\/wp-content\/uploads\/2023\/02\/Kecka-nad-Bralcami-1-1536x1024.jpg",1536,1024,true],"2048x2048":["https:\/\/regiongron.sk\/hu\/wp-content\/uploads\/2023\/02\/Kecka-nad-Bralcami-1-2048x1365.jpg",2048,1365,true]},"uagb_author_info":{"display_name":"regiongron","author_link":"https:\/\/regiongron.sk\/hu\/author\/regiongron\/"},"uagb_comment_info":0,"uagb_excerpt":"Az \u00fatvonalat ismer\u0151 turist\u00e1k a Szlov\u00e1k Paradicsomhoz hasonl\u00edtj\u00e1k. A hely a Selmeci-hegys\u00e9g sz\u00e9l\u00e9n tal\u00e1lhat\u00f3, a Szklen\u00f3f\u00fcrd\u0151 fel\u00e9 vezet\u0151 \u00faton. A Ke\u010dka fel\u00e9 vezet\u0151 \u00fat z\u00f6ld jelz\u00e9ssel jel\u00f6lt k\u00f6r\u00fat. Azonban egyir\u00e1ny\u00fa, ami a jelz\u00e9sen is l\u00e1that\u00f3 (csak az egyik oldalon l\u00e1that\u00f3), \u00e9s sz\u00e1mos \u00e9rdekes helyen vezet kereszt\u00fcl. Erre az \u00fatvonalra jellemz\u0151ek a k\u00fcl\u00f6nleges sziklak\u00e9pz\u0151dm\u00e9nyek \u2014 a&hellip;","_links":{"self":[{"href":"https:\/\/regiongron.sk\/hu\/wp-json\/wp\/v2\/posts\/15521","targetHints":{"allow":["GET"]}}],"collection":[{"href":"https:\/\/regiongron.sk\/hu\/wp-json\/wp\/v2\/posts"}],"about":[{"href":"https:\/\/regiongron.sk\/hu\/wp-json\/wp\/v2\/types\/post"}],"author":[{"embeddable":true,"href":"https:\/\/regiongron.sk\/hu\/wp-json\/wp\/v2\/users\/2"}],"replies":[{"embeddable":true,"href":"https:\/\/regiongron.sk\/hu\/wp-json\/wp\/v2\/comments?post=15521"}],"version-history":[{"count":9,"href":"https:\/\/regiongron.sk\/hu\/wp-json\/wp\/v2\/posts\/15521\/revisions"}],"predecessor-version":[{"id":24102,"href":"https:\/\/regiongron.sk\/hu\/wp-json\/wp\/v2\/posts\/15521\/revisions\/24102"}],"wp:featuredmedia":[{"embeddable":true,"href":"https:\/\/regiongron.sk\/hu\/wp-json\/wp\/v2\/media\/15546"}],"wp:attachment":[{"href":"https:\/\/regiongron.sk\/hu\/wp-json\/wp\/v2\/media?parent=15521"}],"wp:term":[{"taxonomy":"category","embeddable":true,"href":"https:\/\/regiongron.sk\/hu\/wp-json\/wp\/v2\/categories?post=15521"},{"taxonomy":"post_tag","embeddable":true,"href":"https:\/\/regiongron.sk\/hu\/wp-json\/wp\/v2\/tags?post=15521"}],"curies":[{"name":"wp","href":"https:\/\/api.w.org\/{rel}","templated":true}]}}