{"id":15717,"date":"2023-02-17T17:12:14","date_gmt":"2023-02-17T16:12:14","guid":{"rendered":"https:\/\/new.regiongron.sk\/?p=15717"},"modified":"2025-04-09T15:35:49","modified_gmt":"2025-04-09T13:35:49","slug":"na-bicykli-k-rudnianskemu-vodopadu","status":"publish","type":"post","link":"https:\/\/regiongron.sk\/hu\/na-bicykli-k-rudnianskemu-vodopadu\/","title":{"rendered":"Ker\u00e9kp\u00e1ron a Rudn\u00f3i V\u00edzes\u00e9shez"},"content":{"rendered":"<div class=\"wp-block-image\">\n<figure class=\"aligncenter size-large\"><img loading=\"lazy\" decoding=\"async\" width=\"768\" height=\"1024\" src=\"http:\/\/regiongron.sk\/wp-content\/uploads\/2023\/02\/Rudniansky-vodopad-1-768x1024.jpg\" alt=\"rudniansky vodop\u00e1d\" class=\"wp-image-16127\" srcset=\"https:\/\/regiongron.sk\/hu\/wp-content\/uploads\/2023\/02\/Rudniansky-vodopad-1-768x1023.jpg 768w, https:\/\/regiongron.sk\/hu\/wp-content\/uploads\/2023\/02\/Rudniansky-vodopad-1-450x600.jpg 450w, https:\/\/regiongron.sk\/hu\/wp-content\/uploads\/2023\/02\/Rudniansky-vodopad-1-1153x1536.jpg 1153w, https:\/\/regiongron.sk\/hu\/wp-content\/uploads\/2023\/02\/Rudniansky-vodopad-1-1537x2048.jpg 1537w, https:\/\/regiongron.sk\/hu\/wp-content\/uploads\/2023\/02\/Rudniansky-vodopad-1-scaled.jpg 1921w\" sizes=\"auto, (max-width: 768px) 100vw, 768px\" \/><\/figure>\n<\/div>\n\n\n<p>Tudta, hogy a Selmeci-hegys\u00e9gben csak egyetlen v\u00edzes\u00e9s tal\u00e1lhat\u00f3?\u00a0 A Rudn\u00f3i v\u00edzes\u00e9s nagyj\u00e1b\u00f3l 4 m\u00e9ter magas, \u00e9s ide is el lehet jutni biciklivel. Induljon el Zsarn\u00f3ca v\u00e1rosb\u00f3l, \u00e9s k\u00f6vesse a k\u00e9k jelz\u00e9st Garamr\u00e9v \u00e9s Garamrudn\u00f3 fel\u00e9. Ez ut\u00f3bbiban a z\u00f6lddel jel\u00f6lt \u00fatra kell let\u00e9rni, amely a Rudn\u00f3i v\u00f6lgybe, Bakaszenes telep\u00fcl\u00e9sre vezet. Garamrudn\u00f3 ir\u00e1ny\u00e1b\u00f3l a v\u00edzes\u00e9st eg\u00e9szen a v\u00f6lgy v\u00e9g\u00e9n tal\u00e1lja. Ez az \u00fat a kev\u00e9sb\u00e9 meger\u0151ltet\u0151k k\u00f6z\u00e9 tartozik, \u00edgy j\u00f3 kir\u00e1ndul\u00e1si tipp lehet a fiatalabb ker\u00e9kp\u00e1rosok \u00e9s id\u0151sek sz\u00e1m\u00e1ra.<\/p>\n\n\n\n<iframe loading=\"lazy\" style=\"border:none\" src=\"https:\/\/sk.frame.mapy.cz\/s\/fosudevegu\" width=\"100%\" height=\"350\" frameborder=\"0\"><\/iframe>\n\n\n\n\n","protected":false},"excerpt":{"rendered":"<p>Tudta, hogy a Selmeci-hegys\u00e9gben csak egyetlen v\u00edzes\u00e9s tal\u00e1lhat\u00f3?\u00a0 A Rudn\u00f3i v\u00edzes\u00e9s nagyj\u00e1b\u00f3l 4 m\u00e9ter magas, \u00e9s ide is el lehet jutni biciklivel. Induljon el Zsarn\u00f3ca v\u00e1rosb\u00f3l, \u00e9s k\u00f6vesse a k\u00e9k jelz\u00e9st Garamr\u00e9v \u00e9s Garamrudn\u00f3 fel\u00e9. Ez ut\u00f3bbiban a z\u00f6lddel jel\u00f6lt \u00fatra kell let\u00e9rni, amely a Rudn\u00f3i v\u00f6lgybe, Bakaszenes telep\u00fcl\u00e9sre vezet. Garamrudn\u00f3 ir\u00e1ny\u00e1b\u00f3l a v\u00edzes\u00e9st eg\u00e9szen [&hellip;]<\/p>\n","protected":false},"author":2,"featured_media":16127,"comment_status":"open","ping_status":"open","sticky":false,"template":"","format":"standard","meta":{"_acf_changed":false,"inline_featured_image":false,"_uag_custom_page_level_css":"","footnotes":""},"categories":[48,37,35],"tags":[],"class_list":["post-15717","post","type-post","status-publish","format-standard","has-post-thumbnail","hentry","category-cyklotrasy-v-stiavnickych-vrchoch","category-cykloturistika","category-turistika-a-cykloturistika"],"acf":[],"uagb_featured_image_src":{"full":["https:\/\/regiongron.sk\/hu\/wp-content\/uploads\/2023\/02\/Rudniansky-vodopad-1-scaled.jpg",1921,2560,false],"thumbnail":["https:\/\/regiongron.sk\/hu\/wp-content\/uploads\/2023\/02\/Rudniansky-vodopad-1-400x400.jpg",400,400,true],"medium":["https:\/\/regiongron.sk\/hu\/wp-content\/uploads\/2023\/02\/Rudniansky-vodopad-1-450x600.jpg",450,600,true],"medium_large":["https:\/\/regiongron.sk\/hu\/wp-content\/uploads\/2023\/02\/Rudniansky-vodopad-1-768x1023.jpg",768,1023,true],"large":["https:\/\/regiongron.sk\/hu\/wp-content\/uploads\/2023\/02\/Rudniansky-vodopad-1-768x1024.jpg",768,1024,true],"1536x1536":["https:\/\/regiongron.sk\/hu\/wp-content\/uploads\/2023\/02\/Rudniansky-vodopad-1-1153x1536.jpg",1153,1536,true],"2048x2048":["https:\/\/regiongron.sk\/hu\/wp-content\/uploads\/2023\/02\/Rudniansky-vodopad-1-1537x2048.jpg",1537,2048,true]},"uagb_author_info":{"display_name":"regiongron","author_link":"https:\/\/regiongron.sk\/hu\/author\/regiongron\/"},"uagb_comment_info":0,"uagb_excerpt":"Tudta, hogy a Selmeci-hegys\u00e9gben csak egyetlen v\u00edzes\u00e9s tal\u00e1lhat\u00f3?\u00a0 A Rudn\u00f3i v\u00edzes\u00e9s nagyj\u00e1b\u00f3l 4 m\u00e9ter magas, \u00e9s ide is el lehet jutni biciklivel. Induljon el Zsarn\u00f3ca v\u00e1rosb\u00f3l, \u00e9s k\u00f6vesse a k\u00e9k jelz\u00e9st Garamr\u00e9v \u00e9s Garamrudn\u00f3 fel\u00e9. Ez ut\u00f3bbiban a z\u00f6lddel jel\u00f6lt \u00fatra kell let\u00e9rni, amely a Rudn\u00f3i v\u00f6lgybe, Bakaszenes telep\u00fcl\u00e9sre vezet. Garamrudn\u00f3 ir\u00e1ny\u00e1b\u00f3l a v\u00edzes\u00e9st eg\u00e9szen&hellip;","_links":{"self":[{"href":"https:\/\/regiongron.sk\/hu\/wp-json\/wp\/v2\/posts\/15717","targetHints":{"allow":["GET"]}}],"collection":[{"href":"https:\/\/regiongron.sk\/hu\/wp-json\/wp\/v2\/posts"}],"about":[{"href":"https:\/\/regiongron.sk\/hu\/wp-json\/wp\/v2\/types\/post"}],"author":[{"embeddable":true,"href":"https:\/\/regiongron.sk\/hu\/wp-json\/wp\/v2\/users\/2"}],"replies":[{"embeddable":true,"href":"https:\/\/regiongron.sk\/hu\/wp-json\/wp\/v2\/comments?post=15717"}],"version-history":[{"count":5,"href":"https:\/\/regiongron.sk\/hu\/wp-json\/wp\/v2\/posts\/15717\/revisions"}],"predecessor-version":[{"id":24124,"href":"https:\/\/regiongron.sk\/hu\/wp-json\/wp\/v2\/posts\/15717\/revisions\/24124"}],"wp:featuredmedia":[{"embeddable":true,"href":"https:\/\/regiongron.sk\/hu\/wp-json\/wp\/v2\/media\/16127"}],"wp:attachment":[{"href":"https:\/\/regiongron.sk\/hu\/wp-json\/wp\/v2\/media?parent=15717"}],"wp:term":[{"taxonomy":"category","embeddable":true,"href":"https:\/\/regiongron.sk\/hu\/wp-json\/wp\/v2\/categories?post=15717"},{"taxonomy":"post_tag","embeddable":true,"href":"https:\/\/regiongron.sk\/hu\/wp-json\/wp\/v2\/tags?post=15717"}],"curies":[{"name":"wp","href":"https:\/\/api.w.org\/{rel}","templated":true}]}}