{"id":15753,"date":"2023-02-20T14:44:03","date_gmt":"2023-02-20T13:44:03","guid":{"rendered":"https:\/\/new.regiongron.sk\/?p=15753"},"modified":"2025-04-11T09:38:56","modified_gmt":"2025-04-11T07:38:56","slug":"liecebne-termalne-kupele-v-sklenych-tepliciach","status":"publish","type":"post","link":"https:\/\/regiongron.sk\/hu\/liecebne-termalne-kupele-v-sklenych-tepliciach\/","title":{"rendered":"Szklen\u00f3f\u00fcrd\u0151 Term\u00e1lf\u00fcrd\u0151je"},"content":{"rendered":"\n<figure class=\"wp-block-image size-large is-resized\"><img loading=\"lazy\" decoding=\"async\" width=\"1024\" height=\"683\" src=\"http:\/\/regiongron.sk\/wp-content\/uploads\/2023\/02\/IMG_5379-1-1024x683.jpg\" alt=\"parenica k\u00fapele sklen\u00e9 teplice\" class=\"wp-image-15941\" style=\"width:1024px;height:683px\" srcset=\"https:\/\/regiongron.sk\/hu\/wp-content\/uploads\/2023\/02\/IMG_5379-1-1024x683.jpg 1024w, https:\/\/regiongron.sk\/hu\/wp-content\/uploads\/2023\/02\/IMG_5379-1-600x400.jpg 600w, https:\/\/regiongron.sk\/hu\/wp-content\/uploads\/2023\/02\/IMG_5379-1-768x512.jpg 768w, https:\/\/regiongron.sk\/hu\/wp-content\/uploads\/2023\/02\/IMG_5379-1-1536x1024.jpg 1536w, https:\/\/regiongron.sk\/hu\/wp-content\/uploads\/2023\/02\/IMG_5379-1-2048x1365.jpg 2048w, https:\/\/regiongron.sk\/hu\/wp-content\/uploads\/2023\/02\/IMG_5379-1-scaled.jpg 2560w\" sizes=\"auto, (max-width: 1024px) 100vw, 1024px\" \/><\/figure>\n\n\n\n<p>A f\u00fcrd\u0151 els\u0151 \u00edr\u00e1sos eml\u00e9ke 1550-b\u0151l val\u00f3, \u00edgy Szlov\u00e1kia legr\u00e9gebbi f\u00fcrd\u0151i k\u00f6z\u00e9 tartozik A magn\u00e9zium \u00e9s kalcium tartalm\u00fa meleg gy\u00f3gyv\u00edz a mozg\u00e1sszervi \u00e9s idegrendszeri betegs\u00e9gek gy\u00f3gy\u00edt\u00e1s\u00e1n\u00e1l seg\u00edt. K\u00fcl\u00f6nb\u00f6z\u0151 t\u00edpus\u00fa ott tart\u00f3zkod\u00e1s k\u00f6z\u00fcl v\u00e1laszthat, a hosszan tart\u00f3t\u00f3l a h\u00e9tv\u00e9gi pihen\u00e9sig. A medenc\u00e9ket k\u00f6zvetlen\u00fcl a forr\u00e1sb\u00f3l t\u00f6ltik fel v\u00edzzel, b\u00e1rmilyen h\u00edg\u00edt\u00e1s, vagy vegyi kezel\u00e9s n\u00e9lk\u00fcl. A Parenica barlang \u00e9s g\u0151zf\u00fcrd\u0151 eg\u00e9sz Eur\u00f3p\u00e1ban egyed\u00fcl\u00e1ll\u00f3. Ny\u00e1ron a strand is nyitva tart, ahol \u00fasz\u00f3medence, gyermek- \u00e9s \u00fcl\u0151medence \u00e1ll a vend\u00e9gek rendelkez\u00e9s\u00e9re. A f\u00fcrd\u0151 ter\u00fclet\u00e9n eg\u00e9sz \u00e9vben nyitva tart az U Borna \u00e9tterem \u00e9s a Kursal\u00f3n k\u00e1v\u00e9h\u00e1z.<\/p>\n\n\n\n<p>Ez a f\u00fcrd\u0151 ad otthont az Eur\u00f3p\u00e1ban egyed\u00fcl\u00e1ll\u00f3 Parenica barlang g\u0151zf\u00fcrd\u0151nek. A term\u00e1lv\u00edz az id\u0151k sor\u00e1n egy term\u00e9szetes barlangot alak\u00edtott ki a szikl\u00e1ba, melyet a Parenica travertin k\u00e9pz\u0151dm\u00e9ny d\u00edsz\u00edt. A v\u00edz ezen a travertinen lefolyva megt\u00f6lti a barlang k\u00f6r\u00fcli z\u00e1rt ter\u00fcletet, k\u00fcl\u00f6nleges f\u00fcrd\u0151\u00e9lm\u00e9nyt ny\u00fajtva. A f\u00fcrd\u0151 nyitvatart\u00e1si idej\u00e9ben lehet\u0151s\u00e9g van bel\u00e9pni a barlangba, \u00e9s \u00e9lvezni a gy\u00f3gy\u00edt\u00f3 hat\u00e1s\u00fa term\u00e1lf\u00fcrd\u0151t. A 42 \u00b0C-os, magas kalciumtartalm\u00fa v\u00edz k\u00fcl\u00f6n\u00f6sen aj\u00e1nlott mozg\u00e1sszervi betegs\u00e9gek kezel\u00e9s\u00e9re, de egy\u00fattal p\u00e1ratlan kikapcsol\u00f3d\u00e1st is biztos\u00edt.<\/p>\n\n\n\n<p>Tov\u00e1bbi inform\u00e1ci\u00f3:\u00a0<a href=\"https:\/\/www.kupele-skleneteplice.sk\/\" data-type=\"link\" data-id=\"https:\/\/www.kupele-skleneteplice.sk\/\">www.kupele-skleneteplice.sk<\/a><\/p>\n\n\n\n<figure class=\"wp-block-gallery has-nested-images columns-3 is-cropped wp-block-gallery-1 is-layout-flex wp-block-gallery-is-layout-flex\">\n<figure class=\"wp-block-image size-large\"><img decoding=\"async\" data-id=\"15937\" src=\"https:\/\/regiongron.sk\/wp-content\/uploads\/2023\/02\/IMG_5525-1-1024x683.jpg\" alt=\"k\u00fapele sklen\u00e9 teplice\" class=\"wp-image-15937\"\/><\/figure>\n\n\n\n<figure class=\"wp-block-image size-medium\"><img loading=\"lazy\" decoding=\"async\" width=\"600\" height=\"321\" data-id=\"15939\" src=\"https:\/\/regiongron.sk\/wp-content\/uploads\/2023\/02\/2013-01-03-Sklene-Teplice-den1025zmensene-600x321.jpg\" alt=\"k\u00fapele sklen\u00e9 teplice k\u00fape\u013e m\u00e1rie ter\u00e9zie\" class=\"wp-image-15939\" srcset=\"https:\/\/regiongron.sk\/hu\/wp-content\/uploads\/2023\/02\/2013-01-03-Sklene-Teplice-den1025zmensene-600x321.jpg 600w, https:\/\/regiongron.sk\/hu\/wp-content\/uploads\/2023\/02\/2013-01-03-Sklene-Teplice-den1025zmensene-768x410.jpg 768w, https:\/\/regiongron.sk\/hu\/wp-content\/uploads\/2023\/02\/2013-01-03-Sklene-Teplice-den1025zmensene.jpg 900w\" sizes=\"auto, (max-width: 600px) 100vw, 600px\" \/><\/figure>\n\n\n\n<figure class=\"wp-block-image size-large\"><img decoding=\"async\" data-id=\"15936\" src=\"https:\/\/regiongron.sk\/wp-content\/uploads\/2023\/02\/IMG_5506_hdr-1-1024x683.jpg\" alt=\"k\u00fapele sklen\u00e9 teplice kursal\u00f3n\" class=\"wp-image-15936\"\/><\/figure>\n\n\n\n<figure class=\"wp-block-image size-large\"><img decoding=\"async\" data-id=\"15940\" src=\"https:\/\/regiongron.sk\/wp-content\/uploads\/2023\/02\/IMG_5361-1-1024x683.jpg\" alt=\"k\u00fapele sklen\u00e9 teplice travert\u00ednov\u00e9 kopy\" class=\"wp-image-15940\"\/><\/figure>\n\n\n\n<figure class=\"wp-block-image size-large\"><img decoding=\"async\" data-id=\"15935\" src=\"https:\/\/regiongron.sk\/wp-content\/uploads\/2023\/02\/IMG_5474-1-1024x683.jpg\" alt=\"k\u00fapele sklen\u00e9 teplice\" class=\"wp-image-15935\"\/><\/figure>\n\n\n\n<figure class=\"wp-block-image size-medium\"><img loading=\"lazy\" decoding=\"async\" width=\"600\" height=\"396\" data-id=\"15933\" src=\"https:\/\/regiongron.sk\/wp-content\/uploads\/2023\/02\/Wellnes-Saunovy-svet-600x396.jpg\" alt=\"k\u00fapele sklen\u00e9 teplice saunov\u00fd svet\" class=\"wp-image-15933\" srcset=\"https:\/\/regiongron.sk\/hu\/wp-content\/uploads\/2023\/02\/Wellnes-Saunovy-svet-600x396.jpg 600w, https:\/\/regiongron.sk\/hu\/wp-content\/uploads\/2023\/02\/Wellnes-Saunovy-svet-768x506.jpg 768w, https:\/\/regiongron.sk\/hu\/wp-content\/uploads\/2023\/02\/Wellnes-Saunovy-svet.jpg 910w\" sizes=\"auto, (max-width: 600px) 100vw, 600px\" \/><\/figure>\n\n\n\n<figure class=\"wp-block-image size-large\"><img decoding=\"async\" data-id=\"15934\" src=\"https:\/\/regiongron.sk\/wp-content\/uploads\/2023\/02\/IMG_5434-1-1024x683.jpg\" alt=\"k\u00fapele sklen\u00e9 teplice bansk\u00fd k\u00fape\u013e\" class=\"wp-image-15934\"\/><\/figure>\n\n\n\n<figure class=\"wp-block-image size-large\"><img decoding=\"async\" data-id=\"15938\" src=\"https:\/\/regiongron.sk\/wp-content\/uploads\/2023\/02\/IMG_5600-1.jpg\" alt=\"k\u00fapele sklen\u00e9 teplice letn\u00e9 k\u00fapalisko\" class=\"wp-image-15938\"\/><\/figure>\n<\/figure>\n\n\n\t\t\t<div \n\t\t\tclass=\"wp-block-uagb-google-map uagb-google-map__wrap uagb-block-fd9981e1     \"\n\t\t\tstyle=\"\" >\n\t\t\t\t<embed\n\t\t\t\t\tclass=\"uagb-google-map__iframe\"\n\t\t\t\t\ttitle=\"Google Map for \"\n\t\t\t\t\tsrc=\"https:\/\/maps.google.com\/maps?q=k%C3%BApele%20sklen%C3%A9%20teplice&z=15&hl=sk&t=m&output=embed&iwloc=near\"\n\t\t\t\t\twidth=\"640\"\n\t\t\t\t\theight=\"300\"\n\t\t\t\t\tloading=\"lazy\"\n\t\t\t\t><\/embed>\n\t\t\t<\/div>\n\t\t\t\n\n\n\n","protected":false},"excerpt":{"rendered":"<p>A f\u00fcrd\u0151 els\u0151 \u00edr\u00e1sos eml\u00e9ke 1550-b\u0151l val\u00f3, \u00edgy Szlov\u00e1kia legr\u00e9gebbi f\u00fcrd\u0151i k\u00f6z\u00e9 tartozik A magn\u00e9zium \u00e9s kalcium tartalm\u00fa meleg gy\u00f3gyv\u00edz a mozg\u00e1sszervi \u00e9s idegrendszeri betegs\u00e9gek gy\u00f3gy\u00edt\u00e1s\u00e1n\u00e1l seg\u00edt. K\u00fcl\u00f6nb\u00f6z\u0151 t\u00edpus\u00fa ott tart\u00f3zkod\u00e1s k\u00f6z\u00fcl v\u00e1laszthat, a hosszan tart\u00f3t\u00f3l a h\u00e9tv\u00e9gi pihen\u00e9sig. A medenc\u00e9ket k\u00f6zvetlen\u00fcl a forr\u00e1sb\u00f3l t\u00f6ltik fel v\u00edzzel, b\u00e1rmilyen h\u00edg\u00edt\u00e1s, vagy vegyi kezel\u00e9s n\u00e9lk\u00fcl. A Parenica [&hellip;]<\/p>\n","protected":false},"author":2,"featured_media":17459,"comment_status":"open","ping_status":"open","sticky":false,"template":"","format":"standard","meta":{"_acf_changed":false,"inline_featured_image":false,"_uag_custom_page_level_css":"","footnotes":""},"categories":[28,29],"tags":[],"class_list":["post-15753","post","type-post","status-publish","format-standard","has-post-thumbnail","hentry","category-kam-za-vodou","category-kupanie"],"acf":[],"uagb_featured_image_src":{"full":["https:\/\/regiongron.sk\/hu\/wp-content\/uploads\/2023\/02\/Kupele-Sklene-Teplice-jaskynny-kupel-Parenica-1-scaled.jpg",2560,1706,false],"thumbnail":["https:\/\/regiongron.sk\/hu\/wp-content\/uploads\/2023\/02\/Kupele-Sklene-Teplice-jaskynny-kupel-Parenica-1-400x400.jpg",400,400,true],"medium":["https:\/\/regiongron.sk\/hu\/wp-content\/uploads\/2023\/02\/Kupele-Sklene-Teplice-jaskynny-kupel-Parenica-1-600x400.jpg",600,400,true],"medium_large":["https:\/\/regiongron.sk\/hu\/wp-content\/uploads\/2023\/02\/Kupele-Sklene-Teplice-jaskynny-kupel-Parenica-1-768x512.jpg",768,512,true],"large":["https:\/\/regiongron.sk\/hu\/wp-content\/uploads\/2023\/02\/Kupele-Sklene-Teplice-jaskynny-kupel-Parenica-1-1024x683.jpg",1024,683,true],"1536x1536":["https:\/\/regiongron.sk\/hu\/wp-content\/uploads\/2023\/02\/Kupele-Sklene-Teplice-jaskynny-kupel-Parenica-1-1536x1024.jpg",1536,1024,true],"2048x2048":["https:\/\/regiongron.sk\/hu\/wp-content\/uploads\/2023\/02\/Kupele-Sklene-Teplice-jaskynny-kupel-Parenica-1-2048x1365.jpg",2048,1365,true]},"uagb_author_info":{"display_name":"regiongron","author_link":"https:\/\/regiongron.sk\/hu\/author\/regiongron\/"},"uagb_comment_info":0,"uagb_excerpt":"A f\u00fcrd\u0151 els\u0151 \u00edr\u00e1sos eml\u00e9ke 1550-b\u0151l val\u00f3, \u00edgy Szlov\u00e1kia legr\u00e9gebbi f\u00fcrd\u0151i k\u00f6z\u00e9 tartozik A magn\u00e9zium \u00e9s kalcium tartalm\u00fa meleg gy\u00f3gyv\u00edz a mozg\u00e1sszervi \u00e9s idegrendszeri betegs\u00e9gek gy\u00f3gy\u00edt\u00e1s\u00e1n\u00e1l seg\u00edt. K\u00fcl\u00f6nb\u00f6z\u0151 t\u00edpus\u00fa ott tart\u00f3zkod\u00e1s k\u00f6z\u00fcl v\u00e1laszthat, a hosszan tart\u00f3t\u00f3l a h\u00e9tv\u00e9gi pihen\u00e9sig. A medenc\u00e9ket k\u00f6zvetlen\u00fcl a forr\u00e1sb\u00f3l t\u00f6ltik fel v\u00edzzel, b\u00e1rmilyen h\u00edg\u00edt\u00e1s, vagy vegyi kezel\u00e9s n\u00e9lk\u00fcl. A Parenica&hellip;","_links":{"self":[{"href":"https:\/\/regiongron.sk\/hu\/wp-json\/wp\/v2\/posts\/15753","targetHints":{"allow":["GET"]}}],"collection":[{"href":"https:\/\/regiongron.sk\/hu\/wp-json\/wp\/v2\/posts"}],"about":[{"href":"https:\/\/regiongron.sk\/hu\/wp-json\/wp\/v2\/types\/post"}],"author":[{"embeddable":true,"href":"https:\/\/regiongron.sk\/hu\/wp-json\/wp\/v2\/users\/2"}],"replies":[{"embeddable":true,"href":"https:\/\/regiongron.sk\/hu\/wp-json\/wp\/v2\/comments?post=15753"}],"version-history":[{"count":8,"href":"https:\/\/regiongron.sk\/hu\/wp-json\/wp\/v2\/posts\/15753\/revisions"}],"predecessor-version":[{"id":24141,"href":"https:\/\/regiongron.sk\/hu\/wp-json\/wp\/v2\/posts\/15753\/revisions\/24141"}],"wp:featuredmedia":[{"embeddable":true,"href":"https:\/\/regiongron.sk\/hu\/wp-json\/wp\/v2\/media\/17459"}],"wp:attachment":[{"href":"https:\/\/regiongron.sk\/hu\/wp-json\/wp\/v2\/media?parent=15753"}],"wp:term":[{"taxonomy":"category","embeddable":true,"href":"https:\/\/regiongron.sk\/hu\/wp-json\/wp\/v2\/categories?post=15753"},{"taxonomy":"post_tag","embeddable":true,"href":"https:\/\/regiongron.sk\/hu\/wp-json\/wp\/v2\/tags?post=15753"}],"curies":[{"name":"wp","href":"https:\/\/api.w.org\/{rel}","templated":true}]}}