{"id":15902,"date":"2023-02-21T16:35:27","date_gmt":"2023-02-21T15:35:27","guid":{"rendered":"https:\/\/new.regiongron.sk\/?p=15902"},"modified":"2025-04-09T15:55:13","modified_gmt":"2025-04-09T13:55:13","slug":"naucny-chodnik-historiou-na-sasovsky-hrad","status":"publish","type":"post","link":"https:\/\/regiongron.sk\/hu\/naucny-chodnik-historiou-na-sasovsky-hrad\/","title":{"rendered":"T\u00f6rt\u00e9nelmi Tan\u00f6sv\u00e9ny Sask\u0151 V\u00e1r\u00e1hoz"},"content":{"rendered":"\n<figure class=\"wp-block-image size-large\"><img loading=\"lazy\" decoding=\"async\" width=\"1024\" height=\"683\" src=\"https:\/\/regiongron.sk\/wp-content\/uploads\/2023\/02\/NCH-Sasov-1024x683.jpg\" alt=\"N\u00e1u\u010dn\u00fd chodn\u00edk \u0160\u00e1\u0161ovsk\u00fd hrad\n\" class=\"wp-image-15903\" srcset=\"https:\/\/regiongron.sk\/hu\/wp-content\/uploads\/2023\/02\/NCH-Sasov-1024x683.jpg 1024w, https:\/\/regiongron.sk\/hu\/wp-content\/uploads\/2023\/02\/NCH-Sasov-600x400.jpg 600w, https:\/\/regiongron.sk\/hu\/wp-content\/uploads\/2023\/02\/NCH-Sasov-768x512.jpg 768w, https:\/\/regiongron.sk\/hu\/wp-content\/uploads\/2023\/02\/NCH-Sasov-1536x1024.jpg 1536w, https:\/\/regiongron.sk\/hu\/wp-content\/uploads\/2023\/02\/NCH-Sasov-2048x1366.jpg 2048w, https:\/\/regiongron.sk\/hu\/wp-content\/uploads\/2023\/02\/NCH-Sasov-scaled.jpg 2560w\" sizes=\"auto, (max-width: 1024px) 100vw, 1024px\" \/><\/figure>\n\n\n\n<p>A Garamszentkereszt vas\u00fat\u00e1llom\u00e1s\u00e1n kezd\u0151d\u0151 tan\u00f6sv\u00e9ny a Ladom\u00e9rmindszent (Ladomersk\u00e1 Vieska) \u00e9s a S\u00e1sk\u0151v\u00e1ralja (\u0160\u00e1\u0161ovsk\u00e9 Podhradie) telep\u00fcl\u00e9sek t\u00f6rt\u00e9nelmi \u00e9rdekess\u00e9geit mutatja be. A m\u00e9rs\u00e9kelten meger\u0151ltet\u0151 \u00fatvonal S\u00e1sk\u0151 v\u00e1r\u00e1n\u00e1l \u00e9r v\u00e9get.<\/p>\n\n\n\n<p> <a href=\"http:\/\/www.naucnechodniky.eu\/naucnyN\u00e1u\u010dn\u00fd chodn\u00edk Ladomersk\u00e1 Vieska \u2013 \u0160\u00e1\u0161ovsk\u00e9 Podhradie-chodnik-ladomerska-vieska-sasovske-podhradie\/\" target=\"_blank\" rel=\"noreferrer noopener\">www.naucnechodniky.eu<\/a><\/p>\n\n\n\n<iframe loading=\"lazy\" style=\"border:none\" src=\"https:\/\/sk.frame.mapy.cz\/s\/nuhegofuvu\" width=\"100%\" height=\"350\" frameborder=\"0\"><\/iframe>\n\n\n\n\n","protected":false},"excerpt":{"rendered":"<p>A Garamszentkereszt vas\u00fat\u00e1llom\u00e1s\u00e1n kezd\u0151d\u0151 tan\u00f6sv\u00e9ny a Ladom\u00e9rmindszent (Ladomersk\u00e1 Vieska) \u00e9s a S\u00e1sk\u0151v\u00e1ralja (\u0160\u00e1\u0161ovsk\u00e9 Podhradie) telep\u00fcl\u00e9sek t\u00f6rt\u00e9nelmi \u00e9rdekess\u00e9geit mutatja be. A m\u00e9rs\u00e9kelten meger\u0151ltet\u0151 \u00fatvonal S\u00e1sk\u0151 v\u00e1r\u00e1n\u00e1l \u00e9r v\u00e9get. www.naucnechodniky.eu<\/p>\n","protected":false},"author":3,"featured_media":15903,"comment_status":"open","ping_status":"open","sticky":false,"template":"","format":"standard","meta":{"_acf_changed":false,"inline_featured_image":false,"_uag_custom_page_level_css":"","footnotes":""},"categories":[10,34],"tags":[],"class_list":["post-15902","post","type-post","status-publish","format-standard","has-post-thumbnail","hentry","category-naucne-chodniky-aktivity","category-naucne-chodniky-ziar-nad-hronom-a-okolie"],"acf":[],"uagb_featured_image_src":{"full":["https:\/\/regiongron.sk\/hu\/wp-content\/uploads\/2023\/02\/NCH-Sasov-scaled.jpg",2560,1707,false],"thumbnail":["https:\/\/regiongron.sk\/hu\/wp-content\/uploads\/2023\/02\/NCH-Sasov-400x400.jpg",400,400,true],"medium":["https:\/\/regiongron.sk\/hu\/wp-content\/uploads\/2023\/02\/NCH-Sasov-600x400.jpg",600,400,true],"medium_large":["https:\/\/regiongron.sk\/hu\/wp-content\/uploads\/2023\/02\/NCH-Sasov-768x512.jpg",768,512,true],"large":["https:\/\/regiongron.sk\/hu\/wp-content\/uploads\/2023\/02\/NCH-Sasov-1024x683.jpg",1024,683,true],"1536x1536":["https:\/\/regiongron.sk\/hu\/wp-content\/uploads\/2023\/02\/NCH-Sasov-1536x1024.jpg",1536,1024,true],"2048x2048":["https:\/\/regiongron.sk\/hu\/wp-content\/uploads\/2023\/02\/NCH-Sasov-2048x1366.jpg",2048,1366,true]},"uagb_author_info":{"display_name":"Gabriela Matlovi\u010dov\u00e1","author_link":"https:\/\/regiongron.sk\/hu\/author\/gabriela\/"},"uagb_comment_info":0,"uagb_excerpt":"A Garamszentkereszt vas\u00fat\u00e1llom\u00e1s\u00e1n kezd\u0151d\u0151 tan\u00f6sv\u00e9ny a Ladom\u00e9rmindszent (Ladomersk\u00e1 Vieska) \u00e9s a S\u00e1sk\u0151v\u00e1ralja (\u0160\u00e1\u0161ovsk\u00e9 Podhradie) telep\u00fcl\u00e9sek t\u00f6rt\u00e9nelmi \u00e9rdekess\u00e9geit mutatja be. A m\u00e9rs\u00e9kelten meger\u0151ltet\u0151 \u00fatvonal S\u00e1sk\u0151 v\u00e1r\u00e1n\u00e1l \u00e9r v\u00e9get. www.naucnechodniky.eu","_links":{"self":[{"href":"https:\/\/regiongron.sk\/hu\/wp-json\/wp\/v2\/posts\/15902","targetHints":{"allow":["GET"]}}],"collection":[{"href":"https:\/\/regiongron.sk\/hu\/wp-json\/wp\/v2\/posts"}],"about":[{"href":"https:\/\/regiongron.sk\/hu\/wp-json\/wp\/v2\/types\/post"}],"author":[{"embeddable":true,"href":"https:\/\/regiongron.sk\/hu\/wp-json\/wp\/v2\/users\/3"}],"replies":[{"embeddable":true,"href":"https:\/\/regiongron.sk\/hu\/wp-json\/wp\/v2\/comments?post=15902"}],"version-history":[{"count":3,"href":"https:\/\/regiongron.sk\/hu\/wp-json\/wp\/v2\/posts\/15902\/revisions"}],"predecessor-version":[{"id":24132,"href":"https:\/\/regiongron.sk\/hu\/wp-json\/wp\/v2\/posts\/15902\/revisions\/24132"}],"wp:featuredmedia":[{"embeddable":true,"href":"https:\/\/regiongron.sk\/hu\/wp-json\/wp\/v2\/media\/15903"}],"wp:attachment":[{"href":"https:\/\/regiongron.sk\/hu\/wp-json\/wp\/v2\/media?parent=15902"}],"wp:term":[{"taxonomy":"category","embeddable":true,"href":"https:\/\/regiongron.sk\/hu\/wp-json\/wp\/v2\/categories?post=15902"},{"taxonomy":"post_tag","embeddable":true,"href":"https:\/\/regiongron.sk\/hu\/wp-json\/wp\/v2\/tags?post=15902"}],"curies":[{"name":"wp","href":"https:\/\/api.w.org\/{rel}","templated":true}]}}