{"id":17503,"date":"2023-02-28T12:43:20","date_gmt":"2023-02-28T11:43:20","guid":{"rendered":"https:\/\/new.regiongron.sk\/?p=17503"},"modified":"2023-02-28T12:43:20","modified_gmt":"2023-02-28T11:43:20","slug":"pamatna-izba-andreja-kmeta-bzenica","status":"publish","type":"post","link":"https:\/\/regiongron.sk\/hu\/pamatna-izba-andreja-kmeta-bzenica\/","title":{"rendered":"Pam\u00e4tn\u00e1 izba Andreja Kme\u0165a, Bzenica"},"content":{"rendered":"\n<p>Obec Bzenica je zn\u00e1ma najm\u00e4 v\u010faka rod\u00e1kovi -\u00a0 katol\u00edckemu k\u0148azovi, vedcovi a polyhistorovi Andrejovi Kme\u0165ovi. Jeho vedeck\u00e9 b\u00e1danie dosahovalo na svoju dobu priam eur\u00f3psku \u00farove\u0148. V budove b\u00fdvalej \u0161koly bola zriaden\u00e1 pam\u00e4tn\u00e1 izba s expoz\u00edciou o jeho \u017eivote a diele. Na prehliadku sa sta\u010d\u00ed vopred nahl\u00e1si\u0165 na Obecnom \u00farade. V\u00a0obci za\u010d\u00edna i jeden z najstar\u0161\u00edch turistick\u00fdch chodn\u00edkov - Chodn\u00edk Andreja Kme\u0165a, ktor\u00fd prech\u00e1dza cez Sitno a\u017e do Pren\u010dova, kde p\u00f4sobil ako k\u0148az.<\/p>\n\n\n\n<figure class=\"wp-block-image size-large\"><img loading=\"lazy\" decoding=\"async\" width=\"1024\" height=\"683\" src=\"https:\/\/regiongron.sk\/wp-content\/uploads\/2023\/02\/Pamatna-izba-A.-Kmena-v-Bzenici-1024x683.jpg\" alt=\"pam\u00e4tn\u00e1 izba andreja kme\u0165a bzenica\" class=\"wp-image-17504\" srcset=\"https:\/\/regiongron.sk\/hu\/wp-content\/uploads\/2023\/02\/Pamatna-izba-A.-Kmena-v-Bzenici-1024x683.jpg 1024w, https:\/\/regiongron.sk\/hu\/wp-content\/uploads\/2023\/02\/Pamatna-izba-A.-Kmena-v-Bzenici-600x400.jpg 600w, https:\/\/regiongron.sk\/hu\/wp-content\/uploads\/2023\/02\/Pamatna-izba-A.-Kmena-v-Bzenici-768x512.jpg 768w, https:\/\/regiongron.sk\/hu\/wp-content\/uploads\/2023\/02\/Pamatna-izba-A.-Kmena-v-Bzenici-1536x1024.jpg 1536w, https:\/\/regiongron.sk\/hu\/wp-content\/uploads\/2023\/02\/Pamatna-izba-A.-Kmena-v-Bzenici-2048x1365.jpg 2048w, https:\/\/regiongron.sk\/hu\/wp-content\/uploads\/2023\/02\/Pamatna-izba-A.-Kmena-v-Bzenici-scaled.jpg 2560w\" sizes=\"auto, (max-width: 1024px) 100vw, 1024px\" \/><\/figure>\n\n\n\t\t\t<div \n\t\t\tclass=\"wp-block-uagb-google-map uagb-google-map__wrap uagb-block-4ee13fc4     \"\n\t\t\tstyle=\"\" >\n\t\t\t\t<embed\n\t\t\t\t\tclass=\"uagb-google-map__iframe\"\n\t\t\t\t\ttitle=\"Google Map for \"\n\t\t\t\t\tsrc=\"https:\/\/maps.google.com\/maps?q=pam%C3%A4tn%C3%A1%20izba%20andreja%20kme%C5%A5a&z=12&hl=en&t=m&output=embed&iwloc=near\"\n\t\t\t\t\twidth=\"640\"\n\t\t\t\t\theight=\"300\"\n\t\t\t\t\tloading=\"lazy\"\n\t\t\t\t><\/embed>\n\t\t\t<\/div>\n\t\t\t\n\n\n\n","protected":false},"excerpt":{"rendered":"<p>Obec Bzenica je zn\u00e1ma najm\u00e4 v\u010faka rod\u00e1kovi -\u00a0 katol\u00edckemu k\u0148azovi, vedcovi a polyhistorovi Andrejovi Kme\u0165ovi. Jeho vedeck\u00e9 b\u00e1danie dosahovalo na svoju dobu priam eur\u00f3psku \u00farove\u0148. V budove b\u00fdvalej \u0161koly bola zriaden\u00e1 pam\u00e4tn\u00e1 izba s expoz\u00edciou o jeho \u017eivote a diele. Na prehliadku sa sta\u010d\u00ed vopred nahl\u00e1si\u0165 na Obecnom \u00farade. V\u00a0obci za\u010d\u00edna i jeden z najstar\u0161\u00edch [&hellip;]<\/p>\n","protected":false},"author":3,"featured_media":17504,"comment_status":"open","ping_status":"open","sticky":false,"template":"","format":"standard","meta":{"_acf_changed":false,"inline_featured_image":false,"_uag_custom_page_level_css":"","footnotes":""},"categories":[44],"tags":[],"class_list":["post-17503","post","type-post","status-publish","format-standard","has-post-thumbnail","hentry","category-jedinecne-atrakcie"],"acf":[],"uagb_featured_image_src":{"full":["https:\/\/regiongron.sk\/hu\/wp-content\/uploads\/2023\/02\/Pamatna-izba-A.-Kmena-v-Bzenici-scaled.jpg",2560,1707,false],"thumbnail":["https:\/\/regiongron.sk\/hu\/wp-content\/uploads\/2023\/02\/Pamatna-izba-A.-Kmena-v-Bzenici-400x400.jpg",400,400,true],"medium":["https:\/\/regiongron.sk\/hu\/wp-content\/uploads\/2023\/02\/Pamatna-izba-A.-Kmena-v-Bzenici-600x400.jpg",600,400,true],"medium_large":["https:\/\/regiongron.sk\/hu\/wp-content\/uploads\/2023\/02\/Pamatna-izba-A.-Kmena-v-Bzenici-768x512.jpg",768,512,true],"large":["https:\/\/regiongron.sk\/hu\/wp-content\/uploads\/2023\/02\/Pamatna-izba-A.-Kmena-v-Bzenici-1024x683.jpg",1024,683,true],"1536x1536":["https:\/\/regiongron.sk\/hu\/wp-content\/uploads\/2023\/02\/Pamatna-izba-A.-Kmena-v-Bzenici-1536x1024.jpg",1536,1024,true],"2048x2048":["https:\/\/regiongron.sk\/hu\/wp-content\/uploads\/2023\/02\/Pamatna-izba-A.-Kmena-v-Bzenici-2048x1365.jpg",2048,1365,true]},"uagb_author_info":{"display_name":"Gabriela Matlovi\u010dov\u00e1","author_link":"https:\/\/regiongron.sk\/hu\/author\/gabriela\/"},"uagb_comment_info":0,"uagb_excerpt":"Obec Bzenica je zn\u00e1ma najm\u00e4 v\u010faka rod\u00e1kovi -\u00a0 katol\u00edckemu k\u0148azovi, vedcovi a polyhistorovi Andrejovi Kme\u0165ovi. Jeho vedeck\u00e9 b\u00e1danie dosahovalo na svoju dobu priam eur\u00f3psku \u00farove\u0148. V budove b\u00fdvalej \u0161koly bola zriaden\u00e1 pam\u00e4tn\u00e1 izba s expoz\u00edciou o jeho \u017eivote a diele. Na prehliadku sa sta\u010d\u00ed vopred nahl\u00e1si\u0165 na Obecnom \u00farade. V\u00a0obci za\u010d\u00edna i jeden z najstar\u0161\u00edch&hellip;","_links":{"self":[{"href":"https:\/\/regiongron.sk\/hu\/wp-json\/wp\/v2\/posts\/17503","targetHints":{"allow":["GET"]}}],"collection":[{"href":"https:\/\/regiongron.sk\/hu\/wp-json\/wp\/v2\/posts"}],"about":[{"href":"https:\/\/regiongron.sk\/hu\/wp-json\/wp\/v2\/types\/post"}],"author":[{"embeddable":true,"href":"https:\/\/regiongron.sk\/hu\/wp-json\/wp\/v2\/users\/3"}],"replies":[{"embeddable":true,"href":"https:\/\/regiongron.sk\/hu\/wp-json\/wp\/v2\/comments?post=17503"}],"version-history":[{"count":1,"href":"https:\/\/regiongron.sk\/hu\/wp-json\/wp\/v2\/posts\/17503\/revisions"}],"predecessor-version":[{"id":17505,"href":"https:\/\/regiongron.sk\/hu\/wp-json\/wp\/v2\/posts\/17503\/revisions\/17505"}],"wp:featuredmedia":[{"embeddable":true,"href":"https:\/\/regiongron.sk\/hu\/wp-json\/wp\/v2\/media\/17504"}],"wp:attachment":[{"href":"https:\/\/regiongron.sk\/hu\/wp-json\/wp\/v2\/media?parent=17503"}],"wp:term":[{"taxonomy":"category","embeddable":true,"href":"https:\/\/regiongron.sk\/hu\/wp-json\/wp\/v2\/categories?post=17503"},{"taxonomy":"post_tag","embeddable":true,"href":"https:\/\/regiongron.sk\/hu\/wp-json\/wp\/v2\/tags?post=17503"}],"curies":[{"name":"wp","href":"https:\/\/api.w.org\/{rel}","templated":true}]}}