{"id":19653,"date":"2023-06-15T11:44:57","date_gmt":"2023-06-15T09:44:57","guid":{"rendered":"https:\/\/regiongron.sk\/?p=19653"},"modified":"2023-06-26T12:57:32","modified_gmt":"2023-06-26T10:57:32","slug":"letny-vecer-na-hrade-sasov","status":"publish","type":"post","link":"https:\/\/regiongron.sk\/hu\/letny-vecer-na-hrade-sasov\/","title":{"rendered":"LETN\u00dd VE\u010cER NA HRADE \u0160\u00c1\u0160OV, 23.6.2023"},"content":{"rendered":"\n<figure class=\"wp-block-image size-large\"><img loading=\"lazy\" decoding=\"async\" width=\"1024\" height=\"683\" src=\"https:\/\/regiongron.sk\/wp-content\/uploads\/2023\/02\/Sasov_Peter-Cakovsky_kupene-Zofka-062019-scaled-2-1024x683.jpg\" alt=\"hrad \u0161\u00e1\u0161ov\" class=\"wp-image-16442\" srcset=\"https:\/\/regiongron.sk\/hu\/wp-content\/uploads\/2023\/02\/Sasov_Peter-Cakovsky_kupene-Zofka-062019-scaled-2-1024x683.jpg 1024w, https:\/\/regiongron.sk\/hu\/wp-content\/uploads\/2023\/02\/Sasov_Peter-Cakovsky_kupene-Zofka-062019-scaled-2-600x400.jpg 600w, https:\/\/regiongron.sk\/hu\/wp-content\/uploads\/2023\/02\/Sasov_Peter-Cakovsky_kupene-Zofka-062019-scaled-2-768x512.jpg 768w, https:\/\/regiongron.sk\/hu\/wp-content\/uploads\/2023\/02\/Sasov_Peter-Cakovsky_kupene-Zofka-062019-scaled-2-1536x1024.jpg 1536w, https:\/\/regiongron.sk\/hu\/wp-content\/uploads\/2023\/02\/Sasov_Peter-Cakovsky_kupene-Zofka-062019-scaled-2.jpg 2048w\" sizes=\"auto, (max-width: 1024px) 100vw, 1024px\" \/><\/figure>\n\n\n\n<p>Pr\u00ed\u010fte za\u017ei\u0165 letn\u00fd ve\u010der na hrade. \u010cak\u00e1 v\u00e1s ve\u010dern\u00e1 komentovan\u00e1 prehliadka s&nbsp;odborn\u00fdm v\u00fdkladom, ktorou v\u00e1s prevedie samotn\u00fd hradn\u00fd p\u00e1n (spr\u00e1vca hradu) Ing. Rastislav Uhrovi\u010d.&nbsp;<\/p>\n\n\n\n<p><span style=\"color: #000000;\">Prehliadku za\u010dneme v <strong>pam\u00e4tnej izbe<\/strong> pod hradom, kde nahliadneme do dom\u00e1cnost\u00ed tunaj\u0161\u00edch obyvate\u013eov. \u010cak\u00e1 n\u00e1s <strong>nen\u00e1ro\u010dn\u00fd v\u00fdstup<\/strong> a mno\u017estvo zauj\u00edmav\u00fdch inform\u00e1ci\u00ed o tom, ako vyzeral hrad kedysi, pre\u010do do\u0161lo k z\u00e1niku ru\u0161n\u00e9ho \u017eivota na hrade, ale i to ako by mohol vyzera\u0165 v bud\u00facnosti. V <strong>s\u00e1le kr\u00e1\u013eovnej Barbory<\/strong> sa napokon pred nami odhal\u00ed \u010das\u0165 jej <strong>legendou<\/strong> opraden\u00e9ho \u017eivota i to pre\u010do bola naz\u00fdvan\u00e1 \"\u010cierna kr\u00e1\u013eovn\u00e1\". <\/span><\/p>\n\n\n\n<figure class=\"wp-block-gallery has-nested-images columns-2 is-cropped wp-block-gallery-1 is-layout-flex wp-block-gallery-is-layout-flex\">\n<figure class=\"wp-block-image size-large\"><img loading=\"lazy\" decoding=\"async\" width=\"1024\" height=\"683\" data-id=\"16429\" src=\"https:\/\/regiongron.sk\/wp-content\/uploads\/2023\/02\/2020-06-03-Hradna-cesta-Sasov-086-scaled-2-1024x683.jpg\" alt=\"hrad \u0161\u00e1\u0161ov\" class=\"wp-image-16429\" srcset=\"https:\/\/regiongron.sk\/hu\/wp-content\/uploads\/2023\/02\/2020-06-03-Hradna-cesta-Sasov-086-scaled-2-1024x683.jpg 1024w, https:\/\/regiongron.sk\/hu\/wp-content\/uploads\/2023\/02\/2020-06-03-Hradna-cesta-Sasov-086-scaled-2-600x400.jpg 600w, https:\/\/regiongron.sk\/hu\/wp-content\/uploads\/2023\/02\/2020-06-03-Hradna-cesta-Sasov-086-scaled-2-768x512.jpg 768w, https:\/\/regiongron.sk\/hu\/wp-content\/uploads\/2023\/02\/2020-06-03-Hradna-cesta-Sasov-086-scaled-2-1536x1024.jpg 1536w, https:\/\/regiongron.sk\/hu\/wp-content\/uploads\/2023\/02\/2020-06-03-Hradna-cesta-Sasov-086-scaled-2.jpg 2048w\" sizes=\"auto, (max-width: 1024px) 100vw, 1024px\" \/><\/figure>\n\n\n\n<figure class=\"wp-block-image size-large\"><img loading=\"lazy\" decoding=\"async\" width=\"1024\" height=\"578\" data-id=\"17024\" src=\"https:\/\/regiongron.sk\/wp-content\/uploads\/2023\/02\/Sasov5-scaled-1-1024x578.jpg\" alt=\"\" class=\"wp-image-17024\" srcset=\"https:\/\/regiongron.sk\/hu\/wp-content\/uploads\/2023\/02\/Sasov5-scaled-1-1024x578.jpg 1024w, https:\/\/regiongron.sk\/hu\/wp-content\/uploads\/2023\/02\/Sasov5-scaled-1-600x338.jpg 600w, https:\/\/regiongron.sk\/hu\/wp-content\/uploads\/2023\/02\/Sasov5-scaled-1-768x433.jpg 768w, https:\/\/regiongron.sk\/hu\/wp-content\/uploads\/2023\/02\/Sasov5-scaled-1-1536x866.jpg 1536w, https:\/\/regiongron.sk\/hu\/wp-content\/uploads\/2023\/02\/Sasov5-scaled-1.jpg 2048w\" sizes=\"auto, (max-width: 1024px) 100vw, 1024px\" \/><\/figure>\n\n\n\n<figure class=\"wp-block-image size-large\"><img loading=\"lazy\" decoding=\"async\" width=\"1000\" height=\"666\" data-id=\"16539\" src=\"https:\/\/regiongron.sk\/wp-content\/uploads\/2023\/02\/2020-06-03-Hradna-cesta-Sasov-117-2.jpg\" alt=\"\" class=\"wp-image-16539\" srcset=\"https:\/\/regiongron.sk\/hu\/wp-content\/uploads\/2023\/02\/2020-06-03-Hradna-cesta-Sasov-117-2.jpg 1000w, https:\/\/regiongron.sk\/hu\/wp-content\/uploads\/2023\/02\/2020-06-03-Hradna-cesta-Sasov-117-2-600x400.jpg 600w, https:\/\/regiongron.sk\/hu\/wp-content\/uploads\/2023\/02\/2020-06-03-Hradna-cesta-Sasov-117-2-768x511.jpg 768w\" sizes=\"auto, (max-width: 1000px) 100vw, 1000px\" \/><\/figure>\n\n\n\n<figure class=\"wp-block-image size-large\"><img loading=\"lazy\" decoding=\"async\" width=\"1024\" height=\"683\" data-id=\"16424\" src=\"https:\/\/regiongron.sk\/wp-content\/uploads\/2023\/02\/Sasov-2-scaled-1-1024x683.jpg\" alt=\"hra \u0161\u00e1\u0161ov komentovan\u00e1 prehliadka\" class=\"wp-image-16424\" srcset=\"https:\/\/regiongron.sk\/hu\/wp-content\/uploads\/2023\/02\/Sasov-2-scaled-1-1024x683.jpg 1024w, https:\/\/regiongron.sk\/hu\/wp-content\/uploads\/2023\/02\/Sasov-2-scaled-1-600x400.jpg 600w, https:\/\/regiongron.sk\/hu\/wp-content\/uploads\/2023\/02\/Sasov-2-scaled-1-768x512.jpg 768w, https:\/\/regiongron.sk\/hu\/wp-content\/uploads\/2023\/02\/Sasov-2-scaled-1-1536x1024.jpg 1536w, https:\/\/regiongron.sk\/hu\/wp-content\/uploads\/2023\/02\/Sasov-2-scaled-1.jpg 2048w\" sizes=\"auto, (max-width: 1024px) 100vw, 1024px\" \/><\/figure>\n<\/figure>\n\n\n\n<p>Po skon\u010den\u00ed prehliadky si budete m\u00f4c\u0165 odd\u00fdchnu\u0165 v spolo\u010dnosti farmy <a href=\"https:\/\/www.aroniazpajera.sk\/\" data-type=\"URL\" data-id=\"https:\/\/www.aroniazpajera.sk\/\" target=\"_blank\" rel=\"noreferrer noopener\">AR\u00d3NIA Z PAJERA<\/a>. Pripraven\u00e1 bude ochutn\u00e1vka produktov z ru\u010dne zberanej ar\u00f3nie, ktor\u00e1 dozrieva na \u0161t\u00e1loch v obci Horn\u00e9 H\u00e1mre, v bl\u00edzkosti Novej Bane. Budete ma\u0165 jedine\u010dn\u00fa pr\u00edle\u017eitos\u0165 ochutna\u0165 v\u00fdrobky, ktor\u00e9 maj\u00fa nielen lie\u010div\u00e9 \u00fa\u010dinky, ale aj skvel\u00fa chu\u0165. A nebude to len chutn\u00e1 \u0161\u0165ava z ar\u00f3nie \u010di d\u017eem ale i origin\u00e1lny alkoholick\u00fd lik\u00e9r!<\/p>\n\n\n\n<figure class=\"wp-block-gallery has-nested-images columns-4 is-cropped wp-block-gallery-2 is-layout-flex wp-block-gallery-is-layout-flex\">\n<figure class=\"wp-block-image size-large\"><img loading=\"lazy\" decoding=\"async\" width=\"576\" height=\"1024\" data-id=\"19658\" src=\"https:\/\/regiongron.sk\/wp-content\/uploads\/2023\/06\/plody-Aronie-576x1024.jpg\" alt=\"\" class=\"wp-image-19658\" srcset=\"https:\/\/regiongron.sk\/hu\/wp-content\/uploads\/2023\/06\/plody-Aronie-576x1024.jpg 576w, https:\/\/regiongron.sk\/hu\/wp-content\/uploads\/2023\/06\/plody-Aronie-338x600.jpg 338w, https:\/\/regiongron.sk\/hu\/wp-content\/uploads\/2023\/06\/plody-Aronie-768x1365.jpg 768w, https:\/\/regiongron.sk\/hu\/wp-content\/uploads\/2023\/06\/plody-Aronie-864x1536.jpg 864w, https:\/\/regiongron.sk\/hu\/wp-content\/uploads\/2023\/06\/plody-Aronie-1152x2048.jpg 1152w, https:\/\/regiongron.sk\/hu\/wp-content\/uploads\/2023\/06\/plody-Aronie-scaled.jpg 1440w\" sizes=\"auto, (max-width: 576px) 100vw, 576px\" \/><\/figure>\n\n\n\n<figure class=\"wp-block-image size-large\"><img loading=\"lazy\" decoding=\"async\" width=\"683\" height=\"1024\" data-id=\"19654\" src=\"https:\/\/regiongron.sk\/wp-content\/uploads\/2023\/06\/100-stava-683x1024.jpg\" alt=\"\" class=\"wp-image-19654\" srcset=\"https:\/\/regiongron.sk\/hu\/wp-content\/uploads\/2023\/06\/100-stava-683x1024.jpg 683w, https:\/\/regiongron.sk\/hu\/wp-content\/uploads\/2023\/06\/100-stava-400x600.jpg 400w, https:\/\/regiongron.sk\/hu\/wp-content\/uploads\/2023\/06\/100-stava-768x1152.jpg 768w, https:\/\/regiongron.sk\/hu\/wp-content\/uploads\/2023\/06\/100-stava-1024x1536.jpg 1024w, https:\/\/regiongron.sk\/hu\/wp-content\/uploads\/2023\/06\/100-stava-1365x2048.jpg 1365w, https:\/\/regiongron.sk\/hu\/wp-content\/uploads\/2023\/06\/100-stava-scaled.jpg 1707w\" sizes=\"auto, (max-width: 683px) 100vw, 683px\" \/><\/figure>\n\n\n\n<figure class=\"wp-block-image size-large\"><img loading=\"lazy\" decoding=\"async\" width=\"721\" height=\"1024\" data-id=\"19656\" src=\"https:\/\/regiongron.sk\/wp-content\/uploads\/2023\/06\/Aronia-s-medom-721x1024.jpg\" alt=\"\" class=\"wp-image-19656\" srcset=\"https:\/\/regiongron.sk\/hu\/wp-content\/uploads\/2023\/06\/Aronia-s-medom-721x1024.jpg 721w, https:\/\/regiongron.sk\/hu\/wp-content\/uploads\/2023\/06\/Aronia-s-medom-423x600.jpg 423w, https:\/\/regiongron.sk\/hu\/wp-content\/uploads\/2023\/06\/Aronia-s-medom-768x1091.jpg 768w, https:\/\/regiongron.sk\/hu\/wp-content\/uploads\/2023\/06\/Aronia-s-medom-1082x1536.jpg 1082w, https:\/\/regiongron.sk\/hu\/wp-content\/uploads\/2023\/06\/Aronia-s-medom-1442x2048.jpg 1442w, https:\/\/regiongron.sk\/hu\/wp-content\/uploads\/2023\/06\/Aronia-s-medom-scaled.jpg 1803w\" sizes=\"auto, (max-width: 721px) 100vw, 721px\" \/><\/figure>\n\n\n\n<figure class=\"wp-block-image size-large\"><img loading=\"lazy\" decoding=\"async\" width=\"683\" height=\"1024\" data-id=\"19657\" src=\"https:\/\/regiongron.sk\/wp-content\/uploads\/2023\/06\/Liker-z-Aronie-683x1024.jpg\" alt=\"\" class=\"wp-image-19657\" srcset=\"https:\/\/regiongron.sk\/hu\/wp-content\/uploads\/2023\/06\/Liker-z-Aronie-683x1024.jpg 683w, https:\/\/regiongron.sk\/hu\/wp-content\/uploads\/2023\/06\/Liker-z-Aronie-400x600.jpg 400w, https:\/\/regiongron.sk\/hu\/wp-content\/uploads\/2023\/06\/Liker-z-Aronie-768x1152.jpg 768w, https:\/\/regiongron.sk\/hu\/wp-content\/uploads\/2023\/06\/Liker-z-Aronie-1024x1536.jpg 1024w, https:\/\/regiongron.sk\/hu\/wp-content\/uploads\/2023\/06\/Liker-z-Aronie-1365x2048.jpg 1365w, https:\/\/regiongron.sk\/hu\/wp-content\/uploads\/2023\/06\/Liker-z-Aronie-scaled.jpg 1707w\" sizes=\"auto, (max-width: 683px) 100vw, 683px\" \/><\/figure>\n\n\n\n<figure class=\"wp-block-image size-large\"><img loading=\"lazy\" decoding=\"async\" width=\"1024\" height=\"576\" data-id=\"19655\" src=\"https:\/\/regiongron.sk\/wp-content\/uploads\/2023\/06\/326763117_1278575436344976_311778102495840012_n-1024x576.jpg\" alt=\"\" class=\"wp-image-19655\" srcset=\"https:\/\/regiongron.sk\/hu\/wp-content\/uploads\/2023\/06\/326763117_1278575436344976_311778102495840012_n-1024x576.jpg 1024w, https:\/\/regiongron.sk\/hu\/wp-content\/uploads\/2023\/06\/326763117_1278575436344976_311778102495840012_n-600x338.jpg 600w, https:\/\/regiongron.sk\/hu\/wp-content\/uploads\/2023\/06\/326763117_1278575436344976_311778102495840012_n-768x432.jpg 768w, https:\/\/regiongron.sk\/hu\/wp-content\/uploads\/2023\/06\/326763117_1278575436344976_311778102495840012_n-1536x864.jpg 1536w, https:\/\/regiongron.sk\/hu\/wp-content\/uploads\/2023\/06\/326763117_1278575436344976_311778102495840012_n.jpg 1920w\" sizes=\"auto, (max-width: 1024px) 100vw, 1024px\" \/><\/figure>\n<\/figure>\n\n\n\n<p>Z\u00e1ver bude patri\u0165 hudbe a&nbsp;tancu. Hudobno divadeln\u00e9 zoskupenie <a href=\"http:\/\/www.federteater.sk\/\" data-type=\"URL\" data-id=\"http:\/\/www.federteater.sk\/\" target=\"_blank\" rel=\"noreferrer noopener\">F\u00c9DER TE\u00c1TER <\/a>v\u00e1m predvedie ako sa tancovalo na \u0161\u013eachtick\u00fdch dvoroch a n\u00e1sledne sa niektor\u00e9 tance nau\u010d\u00edte aj vy sami.<\/p>\n\n\n\n<figure class=\"wp-block-gallery aligncenter has-nested-images columns-2 is-cropped wp-block-gallery-3 is-layout-flex wp-block-gallery-is-layout-flex\">\n<figure class=\"wp-block-image size-large\"><img loading=\"lazy\" decoding=\"async\" width=\"1024\" height=\"683\" data-id=\"19659\" src=\"https:\/\/regiongron.sk\/wp-content\/uploads\/2023\/06\/Feder-Teater-11-1024x683.jpg\" alt=\"\" class=\"wp-image-19659\" srcset=\"https:\/\/regiongron.sk\/hu\/wp-content\/uploads\/2023\/06\/Feder-Teater-11-1024x683.jpg 1024w, https:\/\/regiongron.sk\/hu\/wp-content\/uploads\/2023\/06\/Feder-Teater-11-600x400.jpg 600w, https:\/\/regiongron.sk\/hu\/wp-content\/uploads\/2023\/06\/Feder-Teater-11-768x512.jpg 768w, https:\/\/regiongron.sk\/hu\/wp-content\/uploads\/2023\/06\/Feder-Teater-11-1536x1024.jpg 1536w, https:\/\/regiongron.sk\/hu\/wp-content\/uploads\/2023\/06\/Feder-Teater-11-2048x1365.jpg 2048w, https:\/\/regiongron.sk\/hu\/wp-content\/uploads\/2023\/06\/Feder-Teater-11-scaled.jpg 2560w\" sizes=\"auto, (max-width: 1024px) 100vw, 1024px\" \/><\/figure>\n\n\n\n<figure class=\"wp-block-image size-large\"><img loading=\"lazy\" decoding=\"async\" width=\"1024\" height=\"683\" data-id=\"19660\" src=\"https:\/\/regiongron.sk\/wp-content\/uploads\/2023\/06\/Feder-Teater-13-1024x683.jpg\" alt=\"\" class=\"wp-image-19660\" srcset=\"https:\/\/regiongron.sk\/hu\/wp-content\/uploads\/2023\/06\/Feder-Teater-13-1024x683.jpg 1024w, https:\/\/regiongron.sk\/hu\/wp-content\/uploads\/2023\/06\/Feder-Teater-13-600x400.jpg 600w, https:\/\/regiongron.sk\/hu\/wp-content\/uploads\/2023\/06\/Feder-Teater-13-768x512.jpg 768w, https:\/\/regiongron.sk\/hu\/wp-content\/uploads\/2023\/06\/Feder-Teater-13-1536x1024.jpg 1536w, https:\/\/regiongron.sk\/hu\/wp-content\/uploads\/2023\/06\/Feder-Teater-13-2048x1365.jpg 2048w, https:\/\/regiongron.sk\/hu\/wp-content\/uploads\/2023\/06\/Feder-Teater-13-scaled.jpg 2560w\" sizes=\"auto, (max-width: 1024px) 100vw, 1024px\" \/><\/figure>\n\n\n\n<figure class=\"wp-block-image size-large\"><img loading=\"lazy\" decoding=\"async\" width=\"1024\" height=\"683\" data-id=\"19661\" src=\"https:\/\/regiongron.sk\/wp-content\/uploads\/2023\/06\/Feder-Teater-8-1024x683.jpg\" alt=\"\" class=\"wp-image-19661\" srcset=\"https:\/\/regiongron.sk\/hu\/wp-content\/uploads\/2023\/06\/Feder-Teater-8-1024x683.jpg 1024w, https:\/\/regiongron.sk\/hu\/wp-content\/uploads\/2023\/06\/Feder-Teater-8-600x400.jpg 600w, https:\/\/regiongron.sk\/hu\/wp-content\/uploads\/2023\/06\/Feder-Teater-8-768x512.jpg 768w, https:\/\/regiongron.sk\/hu\/wp-content\/uploads\/2023\/06\/Feder-Teater-8-1536x1024.jpg 1536w, https:\/\/regiongron.sk\/hu\/wp-content\/uploads\/2023\/06\/Feder-Teater-8-2048x1365.jpg 2048w, https:\/\/regiongron.sk\/hu\/wp-content\/uploads\/2023\/06\/Feder-Teater-8-scaled.jpg 2560w\" sizes=\"auto, (max-width: 1024px) 100vw, 1024px\" \/><\/figure>\n<\/figure>\n\n\n\n<p><span style=\"color: #000000;\"><strong>TERM\u00cdN PREHLIADKY:<\/strong><\/span><\/p>\n\n\n\n<p><span style=\"color: #000000;\"><strong>23.6. 2023<\/strong><\/span><strong>, 19:00<\/strong><\/p>\n\n\n\n<p><strong>DOBA TRVANIA:<\/strong><\/p>\n\n\n\n<p>pribli\u017ene 2-3 hodiny<\/p>\n\n\n\n<p><strong>CENA Z\u00c1\u017dITKU:<\/strong> 13\u20ac \/ osoba (v cene je i ochutn\u00e1vka produktov z ar\u00f3nie vr\u00e1tane alkoholick\u00fdch n\u00e1pojov)<\/p>\n\n\n\n<p>Vhodn\u00e9 pre deti od 10 rokov.<\/p>\n\n\n\n<p><span style=\"color: #000000;\">Odpor\u00fa\u010dame si <strong>rezervova\u0165 vstupenku<\/strong> na ni\u017e\u0161ie uvedenej str\u00e1nke. Je v\u0161ak mo\u017en\u00e9 pr\u00eds\u0165 aj priamo na miesto bez rezerv\u00e1cie.<\/span><\/p>\n\n\n\n<p><span style=\"color: #000000;\"><strong>REZERV\u00c1CIA VSTUPENIEK: <span style=\"color: #ff0000;\"><a href=\"https:\/\/zazitky.zahoramizadolami.sk\/sk\/letny-vecer-na-hrade-sasov\" data-type=\"URL\" data-id=\"https:\/\/zazitky.zahoramizadolami.sk\/sk\/letny-vecer-na-hrade-sasov\" target=\"_blank\" rel=\"noreferrer noopener\">www.zahoramizadolami.sk<\/a><\/span><\/strong><\/span><\/p>\n\n\n\n<p><span style=\"color: #000000;\"><strong>ORGANIZA\u010cN\u00c9 POKYNY:<\/strong><\/span><\/p>\n\n\n\n<ul class=\"wp-block-list\">\n<li><span style=\"color: #000000;\">Miesto stretnutia je pod hradom pri pam\u00e4tnej izbe o&nbsp;<strong>19:00 hod.<\/strong><\/span><\/li>\n\n\n\n<li><span style=\"color: #000000;\">Doprava k hradu je individu\u00e1lna.<\/span><\/li>\n\n\n\n<li><span style=\"color: #000000;\">Parkovanie je pod hradom popri ceste pod skaln\u00fdm bralom. Z parkoviska je to na hrad <strong>30 min<\/strong>&nbsp;ch\u00f4dze stredne n\u00e1ro\u010dnou lesnou cestou. V\u00fdstup na hrad je s\u00fa\u010das\u0165ou prehliadky.<\/span><\/li>\n\n\n\n<li><span style=\"color: #000000;\"><strong>UPOZORNENIE: Je potrebn\u00e9 prinies\u0165 si pevn\u00fa obuv a vhodn\u00e9 oble\u010denie aj do nepriazniv\u00e9ho po\u010dasia. V pr\u00edpade extr\u00e9mne zl\u00e9ho po\u010dasia sa prehliadka ru\u0161\u00ed a uskuto\u010dn\u00ed sa v n\u00e1hradnom term\u00edne.<\/strong><\/span><\/li>\n<\/ul>\n\n\n\n<figure class=\"wp-block-gallery has-nested-images columns-3 is-cropped wp-block-gallery-4 is-layout-flex wp-block-gallery-is-layout-flex\">\n<figure class=\"wp-block-image size-large\"><img loading=\"lazy\" decoding=\"async\" width=\"1024\" height=\"683\" data-id=\"16868\" src=\"https:\/\/regiongron.sk\/wp-content\/uploads\/2023\/02\/hrad-sasov-17-scaled-1-1024x683.jpg\" alt=\"\" class=\"wp-image-16868\" srcset=\"https:\/\/regiongron.sk\/hu\/wp-content\/uploads\/2023\/02\/hrad-sasov-17-scaled-1-1024x683.jpg 1024w, https:\/\/regiongron.sk\/hu\/wp-content\/uploads\/2023\/02\/hrad-sasov-17-scaled-1-600x400.jpg 600w, https:\/\/regiongron.sk\/hu\/wp-content\/uploads\/2023\/02\/hrad-sasov-17-scaled-1-768x512.jpg 768w, https:\/\/regiongron.sk\/hu\/wp-content\/uploads\/2023\/02\/hrad-sasov-17-scaled-1-1536x1024.jpg 1536w, https:\/\/regiongron.sk\/hu\/wp-content\/uploads\/2023\/02\/hrad-sasov-17-scaled-1.jpg 2048w\" sizes=\"auto, (max-width: 1024px) 100vw, 1024px\" \/><\/figure>\n\n\n\n<figure class=\"wp-block-image size-large\"><img loading=\"lazy\" decoding=\"async\" width=\"1024\" height=\"683\" data-id=\"16858\" src=\"https:\/\/regiongron.sk\/wp-content\/uploads\/2023\/02\/hrad-sasov-31-scaled-1-1024x683.jpg\" alt=\"\" class=\"wp-image-16858\" srcset=\"https:\/\/regiongron.sk\/hu\/wp-content\/uploads\/2023\/02\/hrad-sasov-31-scaled-1-1024x683.jpg 1024w, https:\/\/regiongron.sk\/hu\/wp-content\/uploads\/2023\/02\/hrad-sasov-31-scaled-1-600x400.jpg 600w, https:\/\/regiongron.sk\/hu\/wp-content\/uploads\/2023\/02\/hrad-sasov-31-scaled-1-768x512.jpg 768w, https:\/\/regiongron.sk\/hu\/wp-content\/uploads\/2023\/02\/hrad-sasov-31-scaled-1-1536x1024.jpg 1536w, https:\/\/regiongron.sk\/hu\/wp-content\/uploads\/2023\/02\/hrad-sasov-31-scaled-1.jpg 2048w\" sizes=\"auto, (max-width: 1024px) 100vw, 1024px\" \/><\/figure>\n\n\n\n<figure class=\"wp-block-image size-large\"><img loading=\"lazy\" decoding=\"async\" width=\"1024\" height=\"683\" data-id=\"16865\" src=\"https:\/\/regiongron.sk\/wp-content\/uploads\/2023\/02\/hrad-sasov-32-scaled-1-1024x683.jpg\" alt=\"hrad \u0161\u00e1\u0161ov\" class=\"wp-image-16865\" srcset=\"https:\/\/regiongron.sk\/hu\/wp-content\/uploads\/2023\/02\/hrad-sasov-32-scaled-1-1024x683.jpg 1024w, https:\/\/regiongron.sk\/hu\/wp-content\/uploads\/2023\/02\/hrad-sasov-32-scaled-1-600x400.jpg 600w, https:\/\/regiongron.sk\/hu\/wp-content\/uploads\/2023\/02\/hrad-sasov-32-scaled-1-768x512.jpg 768w, https:\/\/regiongron.sk\/hu\/wp-content\/uploads\/2023\/02\/hrad-sasov-32-scaled-1-1536x1024.jpg 1536w, https:\/\/regiongron.sk\/hu\/wp-content\/uploads\/2023\/02\/hrad-sasov-32-scaled-1.jpg 2048w\" sizes=\"auto, (max-width: 1024px) 100vw, 1024px\" \/><\/figure>\n\n\n\n<figure class=\"wp-block-image size-large\"><img loading=\"lazy\" decoding=\"async\" width=\"1024\" height=\"683\" data-id=\"16859\" src=\"https:\/\/regiongron.sk\/wp-content\/uploads\/2023\/02\/hrad-sasov-scaled-1-1024x683.jpg\" alt=\"\" class=\"wp-image-16859\" srcset=\"https:\/\/regiongron.sk\/hu\/wp-content\/uploads\/2023\/02\/hrad-sasov-scaled-1-1024x683.jpg 1024w, https:\/\/regiongron.sk\/hu\/wp-content\/uploads\/2023\/02\/hrad-sasov-scaled-1-600x400.jpg 600w, https:\/\/regiongron.sk\/hu\/wp-content\/uploads\/2023\/02\/hrad-sasov-scaled-1-768x512.jpg 768w, https:\/\/regiongron.sk\/hu\/wp-content\/uploads\/2023\/02\/hrad-sasov-scaled-1-1536x1024.jpg 1536w, https:\/\/regiongron.sk\/hu\/wp-content\/uploads\/2023\/02\/hrad-sasov-scaled-1.jpg 2048w\" sizes=\"auto, (max-width: 1024px) 100vw, 1024px\" \/><\/figure>\n\n\n\n<figure class=\"wp-block-image size-large\"><img loading=\"lazy\" decoding=\"async\" width=\"1024\" height=\"683\" data-id=\"16429\" src=\"https:\/\/regiongron.sk\/wp-content\/uploads\/2023\/02\/2020-06-03-Hradna-cesta-Sasov-086-scaled-2-1024x683.jpg\" alt=\"hrad \u0161\u00e1\u0161ov\" class=\"wp-image-16429\" srcset=\"https:\/\/regiongron.sk\/hu\/wp-content\/uploads\/2023\/02\/2020-06-03-Hradna-cesta-Sasov-086-scaled-2-1024x683.jpg 1024w, https:\/\/regiongron.sk\/hu\/wp-content\/uploads\/2023\/02\/2020-06-03-Hradna-cesta-Sasov-086-scaled-2-600x400.jpg 600w, https:\/\/regiongron.sk\/hu\/wp-content\/uploads\/2023\/02\/2020-06-03-Hradna-cesta-Sasov-086-scaled-2-768x512.jpg 768w, https:\/\/regiongron.sk\/hu\/wp-content\/uploads\/2023\/02\/2020-06-03-Hradna-cesta-Sasov-086-scaled-2-1536x1024.jpg 1536w, https:\/\/regiongron.sk\/hu\/wp-content\/uploads\/2023\/02\/2020-06-03-Hradna-cesta-Sasov-086-scaled-2.jpg 2048w\" sizes=\"auto, (max-width: 1024px) 100vw, 1024px\" \/><\/figure>\n\n\n\n<figure class=\"wp-block-image size-large\"><img loading=\"lazy\" decoding=\"async\" width=\"1024\" height=\"683\" data-id=\"16866\" src=\"https:\/\/regiongron.sk\/wp-content\/uploads\/2023\/02\/hrad-sasov-14-scaled-1-1024x683.jpg\" alt=\"\" class=\"wp-image-16866\" srcset=\"https:\/\/regiongron.sk\/hu\/wp-content\/uploads\/2023\/02\/hrad-sasov-14-scaled-1-1024x683.jpg 1024w, https:\/\/regiongron.sk\/hu\/wp-content\/uploads\/2023\/02\/hrad-sasov-14-scaled-1-600x400.jpg 600w, https:\/\/regiongron.sk\/hu\/wp-content\/uploads\/2023\/02\/hrad-sasov-14-scaled-1-768x512.jpg 768w, https:\/\/regiongron.sk\/hu\/wp-content\/uploads\/2023\/02\/hrad-sasov-14-scaled-1-1536x1024.jpg 1536w, https:\/\/regiongron.sk\/hu\/wp-content\/uploads\/2023\/02\/hrad-sasov-14-scaled-1.jpg 2048w\" sizes=\"auto, (max-width: 1024px) 100vw, 1024px\" \/><\/figure>\n\n\n\n<figure class=\"wp-block-image size-large\"><img loading=\"lazy\" decoding=\"async\" width=\"1024\" height=\"683\" data-id=\"16869\" src=\"https:\/\/regiongron.sk\/wp-content\/uploads\/2023\/02\/DSC00695-scaled-1-1024x683.jpg\" alt=\"\" class=\"wp-image-16869\" srcset=\"https:\/\/regiongron.sk\/hu\/wp-content\/uploads\/2023\/02\/DSC00695-scaled-1-1024x683.jpg 1024w, https:\/\/regiongron.sk\/hu\/wp-content\/uploads\/2023\/02\/DSC00695-scaled-1-600x400.jpg 600w, https:\/\/regiongron.sk\/hu\/wp-content\/uploads\/2023\/02\/DSC00695-scaled-1-768x512.jpg 768w, https:\/\/regiongron.sk\/hu\/wp-content\/uploads\/2023\/02\/DSC00695-scaled-1-1536x1025.jpg 1536w, https:\/\/regiongron.sk\/hu\/wp-content\/uploads\/2023\/02\/DSC00695-scaled-1.jpg 2048w\" sizes=\"auto, (max-width: 1024px) 100vw, 1024px\" \/><\/figure>\n\n\n\n<figure class=\"wp-block-image size-large\"><img loading=\"lazy\" decoding=\"async\" width=\"1024\" height=\"683\" data-id=\"16870\" src=\"https:\/\/regiongron.sk\/wp-content\/uploads\/2023\/02\/DSC00615-scaled-1-1024x683.jpg\" alt=\"\" class=\"wp-image-16870\" srcset=\"https:\/\/regiongron.sk\/hu\/wp-content\/uploads\/2023\/02\/DSC00615-scaled-1-1024x683.jpg 1024w, https:\/\/regiongron.sk\/hu\/wp-content\/uploads\/2023\/02\/DSC00615-scaled-1-600x400.jpg 600w, https:\/\/regiongron.sk\/hu\/wp-content\/uploads\/2023\/02\/DSC00615-scaled-1-768x512.jpg 768w, https:\/\/regiongron.sk\/hu\/wp-content\/uploads\/2023\/02\/DSC00615-scaled-1-1536x1025.jpg 1536w, https:\/\/regiongron.sk\/hu\/wp-content\/uploads\/2023\/02\/DSC00615-scaled-1.jpg 2048w\" sizes=\"auto, (max-width: 1024px) 100vw, 1024px\" \/><\/figure>\n\n\n\n<figure class=\"wp-block-image size-large\"><img loading=\"lazy\" decoding=\"async\" width=\"1024\" height=\"683\" data-id=\"16425\" src=\"https:\/\/regiongron.sk\/wp-content\/uploads\/2023\/02\/Sasov-2-scaled-2-1024x683.jpg\" alt=\"hrad \u0161\u00e1\u0161ov\" class=\"wp-image-16425\" srcset=\"https:\/\/regiongron.sk\/hu\/wp-content\/uploads\/2023\/02\/Sasov-2-scaled-2-1024x683.jpg 1024w, https:\/\/regiongron.sk\/hu\/wp-content\/uploads\/2023\/02\/Sasov-2-scaled-2-600x400.jpg 600w, https:\/\/regiongron.sk\/hu\/wp-content\/uploads\/2023\/02\/Sasov-2-scaled-2-768x512.jpg 768w, https:\/\/regiongron.sk\/hu\/wp-content\/uploads\/2023\/02\/Sasov-2-scaled-2-1536x1024.jpg 1536w, https:\/\/regiongron.sk\/hu\/wp-content\/uploads\/2023\/02\/Sasov-2-scaled-2.jpg 2048w\" sizes=\"auto, (max-width: 1024px) 100vw, 1024px\" \/><\/figure>\n<\/figure>\n\n\n<div class=\"wp-block-image\">\n<figure class=\"alignright size-large is-resized\"><img loading=\"lazy\" decoding=\"async\" src=\"https:\/\/regiongron.sk\/wp-content\/uploads\/2023\/04\/logo-DOVOLENKA_basic_3R_blue_EDGE1_www_RGB-1024x528.png\" alt=\"\" class=\"wp-image-18752\" width=\"154\" height=\"79\" srcset=\"https:\/\/regiongron.sk\/hu\/wp-content\/uploads\/2023\/04\/logo-DOVOLENKA_basic_3R_blue_EDGE1_www_RGB-1024x528.png 1024w, https:\/\/regiongron.sk\/hu\/wp-content\/uploads\/2023\/04\/logo-DOVOLENKA_basic_3R_blue_EDGE1_www_RGB-600x309.png 600w, https:\/\/regiongron.sk\/hu\/wp-content\/uploads\/2023\/04\/logo-DOVOLENKA_basic_3R_blue_EDGE1_www_RGB-768x396.png 768w, https:\/\/regiongron.sk\/hu\/wp-content\/uploads\/2023\/04\/logo-DOVOLENKA_basic_3R_blue_EDGE1_www_RGB-1536x792.png 1536w, https:\/\/regiongron.sk\/hu\/wp-content\/uploads\/2023\/04\/logo-DOVOLENKA_basic_3R_blue_EDGE1_www_RGB-2048x1056.png 2048w, https:\/\/regiongron.sk\/hu\/wp-content\/uploads\/2023\/04\/logo-DOVOLENKA_basic_3R_blue_EDGE1_www_RGB.png 2731w\" sizes=\"auto, (max-width: 154px) 100vw, 154px\" \/><\/figure>\n<\/div>\n\n<div class=\"wp-block-image\">\n<figure class=\"alignright size-large is-resized\"><img loading=\"lazy\" decoding=\"async\" src=\"https:\/\/regiongron.sk\/wp-content\/uploads\/2023\/04\/Ministerstvo_dopravy_SR_nove_SK_JPG_farebne-1-edited-1024x682.jpg\" alt=\"\" class=\"wp-image-19061\" width=\"139\" height=\"93\" srcset=\"https:\/\/regiongron.sk\/hu\/wp-content\/uploads\/2023\/04\/Ministerstvo_dopravy_SR_nove_SK_JPG_farebne-1-edited-1024x682.jpg 1024w, https:\/\/regiongron.sk\/hu\/wp-content\/uploads\/2023\/04\/Ministerstvo_dopravy_SR_nove_SK_JPG_farebne-1-edited-600x400.jpg 600w, https:\/\/regiongron.sk\/hu\/wp-content\/uploads\/2023\/04\/Ministerstvo_dopravy_SR_nove_SK_JPG_farebne-1-edited-768x512.jpg 768w, https:\/\/regiongron.sk\/hu\/wp-content\/uploads\/2023\/04\/Ministerstvo_dopravy_SR_nove_SK_JPG_farebne-1-edited.jpg 1198w\" sizes=\"auto, (max-width: 139px) 100vw, 139px\" \/><\/figure>\n<\/div>\n\n\n<p>Marketingov\u00e9 aktivity OOCR Regi\u00f3n GRON s\u00fa realizovan\u00e9 s finan\u010dnou podporou&nbsp;<a rel=\"noreferrer noopener\" href=\"https:\/\/www.mindop.sk\/ministerstvo-1\/cestovny-ruch-7\/informacie\" target=\"_blank\">Ministerstva dopravy Slovenskej republiky<\/a>.<\/p>\n\n\n<p><iframe loading=\"lazy\" style=\"border:none\" src=\"https:\/\/sk.frame.mapy.cz\/s\/buherehuza\" width=\"100%\" height=\"350\" frameborder=\"0\"><\/iframe><\/p>\n\n\n\n\n","protected":false},"excerpt":{"rendered":"<p>Pr\u00ed\u010fte za\u017ei\u0165 letn\u00fd ve\u010der na hrade. \u010cak\u00e1 v\u00e1s ve\u010dern\u00e1 komentovan\u00e1 prehliadka s&nbsp;odborn\u00fdm v\u00fdkladom, ktorou v\u00e1s prevedie samotn\u00fd hradn\u00fd p\u00e1n (spr\u00e1vca hradu) Ing. Rastislav Uhrovi\u010d.&nbsp; Prehliadku za\u010dneme v pam\u00e4tnej izbe pod hradom, kde nahliadneme do dom\u00e1cnost\u00ed tunaj\u0161\u00edch obyvate\u013eov. \u010cak\u00e1 n\u00e1s nen\u00e1ro\u010dn\u00fd v\u00fdstup a mno\u017estvo zauj\u00edmav\u00fdch inform\u00e1ci\u00ed o tom, ako vyzeral hrad kedysi, pre\u010do do\u0161lo k z\u00e1niku [&hellip;]<\/p>\n","protected":false},"author":3,"featured_media":16442,"comment_status":"open","ping_status":"open","sticky":false,"template":"","format":"standard","meta":{"_acf_changed":false,"inline_featured_image":false,"_uag_custom_page_level_css":"","footnotes":""},"categories":[45],"tags":[],"class_list":["post-19653","post","type-post","status-publish","format-standard","has-post-thumbnail","hentry","category-rezervuj-si-zazitok"],"acf":[],"uagb_featured_image_src":{"full":["https:\/\/regiongron.sk\/hu\/wp-content\/uploads\/2023\/02\/Sasov_Peter-Cakovsky_kupene-Zofka-062019-scaled-2.jpg",2048,1365,false],"thumbnail":["https:\/\/regiongron.sk\/hu\/wp-content\/uploads\/2023\/02\/Sasov_Peter-Cakovsky_kupene-Zofka-062019-scaled-2-400x400.jpg",400,400,true],"medium":["https:\/\/regiongron.sk\/hu\/wp-content\/uploads\/2023\/02\/Sasov_Peter-Cakovsky_kupene-Zofka-062019-scaled-2-600x400.jpg",600,400,true],"medium_large":["https:\/\/regiongron.sk\/hu\/wp-content\/uploads\/2023\/02\/Sasov_Peter-Cakovsky_kupene-Zofka-062019-scaled-2-768x512.jpg",768,512,true],"large":["https:\/\/regiongron.sk\/hu\/wp-content\/uploads\/2023\/02\/Sasov_Peter-Cakovsky_kupene-Zofka-062019-scaled-2-1024x683.jpg",1024,683,true],"1536x1536":["https:\/\/regiongron.sk\/hu\/wp-content\/uploads\/2023\/02\/Sasov_Peter-Cakovsky_kupene-Zofka-062019-scaled-2-1536x1024.jpg",1536,1024,true],"2048x2048":["https:\/\/regiongron.sk\/hu\/wp-content\/uploads\/2023\/02\/Sasov_Peter-Cakovsky_kupene-Zofka-062019-scaled-2.jpg",2048,1365,false]},"uagb_author_info":{"display_name":"Gabriela Matlovi\u010dov\u00e1","author_link":"https:\/\/regiongron.sk\/hu\/author\/gabriela\/"},"uagb_comment_info":0,"uagb_excerpt":"Pr\u00ed\u010fte za\u017ei\u0165 letn\u00fd ve\u010der na hrade. \u010cak\u00e1 v\u00e1s ve\u010dern\u00e1 komentovan\u00e1 prehliadka s&nbsp;odborn\u00fdm v\u00fdkladom, ktorou v\u00e1s prevedie samotn\u00fd hradn\u00fd p\u00e1n (spr\u00e1vca hradu) Ing. Rastislav Uhrovi\u010d.&nbsp; Prehliadku za\u010dneme v pam\u00e4tnej izbe pod hradom, kde nahliadneme do dom\u00e1cnost\u00ed tunaj\u0161\u00edch obyvate\u013eov. \u010cak\u00e1 n\u00e1s nen\u00e1ro\u010dn\u00fd v\u00fdstup a mno\u017estvo zauj\u00edmav\u00fdch inform\u00e1ci\u00ed o tom, ako vyzeral hrad kedysi, pre\u010do do\u0161lo k z\u00e1niku&hellip;","_links":{"self":[{"href":"https:\/\/regiongron.sk\/hu\/wp-json\/wp\/v2\/posts\/19653","targetHints":{"allow":["GET"]}}],"collection":[{"href":"https:\/\/regiongron.sk\/hu\/wp-json\/wp\/v2\/posts"}],"about":[{"href":"https:\/\/regiongron.sk\/hu\/wp-json\/wp\/v2\/types\/post"}],"author":[{"embeddable":true,"href":"https:\/\/regiongron.sk\/hu\/wp-json\/wp\/v2\/users\/3"}],"replies":[{"embeddable":true,"href":"https:\/\/regiongron.sk\/hu\/wp-json\/wp\/v2\/comments?post=19653"}],"version-history":[{"count":2,"href":"https:\/\/regiongron.sk\/hu\/wp-json\/wp\/v2\/posts\/19653\/revisions"}],"predecessor-version":[{"id":19692,"href":"https:\/\/regiongron.sk\/hu\/wp-json\/wp\/v2\/posts\/19653\/revisions\/19692"}],"wp:featuredmedia":[{"embeddable":true,"href":"https:\/\/regiongron.sk\/hu\/wp-json\/wp\/v2\/media\/16442"}],"wp:attachment":[{"href":"https:\/\/regiongron.sk\/hu\/wp-json\/wp\/v2\/media?parent=19653"}],"wp:term":[{"taxonomy":"category","embeddable":true,"href":"https:\/\/regiongron.sk\/hu\/wp-json\/wp\/v2\/categories?post=19653"},{"taxonomy":"post_tag","embeddable":true,"href":"https:\/\/regiongron.sk\/hu\/wp-json\/wp\/v2\/tags?post=19653"}],"curies":[{"name":"wp","href":"https:\/\/api.w.org\/{rel}","templated":true}]}}