{"id":19835,"date":"2023-07-12T14:42:56","date_gmt":"2023-07-12T12:42:56","guid":{"rendered":"https:\/\/regiongron.sk\/?p=19835"},"modified":"2025-04-11T09:36:15","modified_gmt":"2025-04-11T07:36:15","slug":"termalne-kupalisko-v-sklenych-tepliciach","status":"publish","type":"post","link":"https:\/\/regiongron.sk\/hu\/termalne-kupalisko-v-sklenych-tepliciach\/","title":{"rendered":"Szklen\u00f3f\u00fcrd\u0151 Term\u00e1lvizes Strandja"},"content":{"rendered":"\n<p>A strand nem csak a forr\u00f3 ny\u00e1ri napokon k\u00edn\u00e1l pihen\u00e9st, hanem a term\u00e1lv\u00edz gy\u00f3gy\u00edt\u00f3 erej\u00e9t is kihaszn\u00e1lhatja. \u00a0 A strand ter\u00fclete telep\u00edtett f\u00e1k \u00e9s bokrok \u00f6lel\u00e9s\u00e9ben fekszik, kellemes \u00e1rny\u00e9kos mened\u00e9ket k\u00edn\u00e1lva a ny\u00e1ri h\u0151s\u00e9gben is. A gyerekeket kisebb j\u00e1tsz\u00f3t\u00e9r v\u00e1rja, a k\u00f6rny\u00e9ken pedig elegend\u0151 helyet k\u00edn\u00e1lkozik a k\u00fcl\u00f6nf\u00e9le labdaj\u00e1t\u00e9kokhoz.\u00a0<\/p>\n\n\n\n<figure class=\"wp-block-table\"><table><thead><tr><th colspan=\"2\"><\/th><\/tr><\/thead><tbody><tr><td><\/td><td><\/td><\/tr><tr><td><\/td><td><\/td><\/tr><tr><td><\/td><td><\/td><\/tr><\/tbody><\/table><\/figure>\n\n\n\n<h2 class=\"wp-block-heading has-text-align-center\"><\/h2>\n\n\n\n<figure class=\"wp-block-gallery has-nested-images columns-default is-cropped wp-block-gallery-1 is-layout-flex wp-block-gallery-is-layout-flex\">\n<figure class=\"wp-block-image size-large\"><img loading=\"lazy\" decoding=\"async\" width=\"850\" height=\"566\" data-id=\"19837\" src=\"https:\/\/regiongron.sk\/wp-content\/uploads\/2023\/07\/IMG_5350_1.jpg\" alt=\"\" class=\"wp-image-19837\" srcset=\"https:\/\/regiongron.sk\/hu\/wp-content\/uploads\/2023\/07\/IMG_5350_1.jpg 850w, https:\/\/regiongron.sk\/hu\/wp-content\/uploads\/2023\/07\/IMG_5350_1-600x400.jpg 600w, https:\/\/regiongron.sk\/hu\/wp-content\/uploads\/2023\/07\/IMG_5350_1-768x511.jpg 768w\" sizes=\"auto, (max-width: 850px) 100vw, 850px\" \/><\/figure>\n\n\n\n<figure class=\"wp-block-image size-large\"><img loading=\"lazy\" decoding=\"async\" width=\"850\" height=\"566\" data-id=\"19838\" src=\"https:\/\/regiongron.sk\/wp-content\/uploads\/2023\/07\/IMG_5353.jpg\" alt=\"\" class=\"wp-image-19838\" srcset=\"https:\/\/regiongron.sk\/hu\/wp-content\/uploads\/2023\/07\/IMG_5353.jpg 850w, https:\/\/regiongron.sk\/hu\/wp-content\/uploads\/2023\/07\/IMG_5353-600x400.jpg 600w, https:\/\/regiongron.sk\/hu\/wp-content\/uploads\/2023\/07\/IMG_5353-768x511.jpg 768w\" sizes=\"auto, (max-width: 850px) 100vw, 850px\" \/><\/figure>\n<\/figure>\n\n\n\n<p><\/p>\n\n\n<p><iframe loading=\"lazy\" style=\"border:none\" src=\"https:\/\/sk.frame.mapy.cz\/s\/gecajufeca\" width=\"100%\" height=\"280\" frameborder=\"0\"><\/iframe><\/p>\n","protected":false},"excerpt":{"rendered":"<p>A strand nem csak a forr\u00f3 ny\u00e1ri napokon k\u00edn\u00e1l pihen\u00e9st, hanem a term\u00e1lv\u00edz gy\u00f3gy\u00edt\u00f3 erej\u00e9t is kihaszn\u00e1lhatja. \u00a0 A strand ter\u00fclete telep\u00edtett f\u00e1k \u00e9s bokrok \u00f6lel\u00e9s\u00e9ben fekszik, kellemes \u00e1rny\u00e9kos mened\u00e9ket k\u00edn\u00e1lva a ny\u00e1ri h\u0151s\u00e9gben is. A gyerekeket kisebb j\u00e1tsz\u00f3t\u00e9r v\u00e1rja, a k\u00f6rny\u00e9ken pedig elegend\u0151 helyet k\u00edn\u00e1lkozik a k\u00fcl\u00f6nf\u00e9le labdaj\u00e1t\u00e9kokhoz.\u00a0<\/p>\n","protected":false},"author":2,"featured_media":19836,"comment_status":"open","ping_status":"open","sticky":false,"template":"","format":"standard","meta":{"_acf_changed":false,"inline_featured_image":false,"_uag_custom_page_level_css":"","footnotes":""},"categories":[29],"tags":[],"class_list":["post-19835","post","type-post","status-publish","format-standard","has-post-thumbnail","hentry","category-kupanie"],"acf":[],"uagb_featured_image_src":{"full":["https:\/\/regiongron.sk\/hu\/wp-content\/uploads\/2023\/07\/IMG_5352_1.jpg",700,500,false],"thumbnail":["https:\/\/regiongron.sk\/hu\/wp-content\/uploads\/2023\/07\/IMG_5352_1-400x400.jpg",400,400,true],"medium":["https:\/\/regiongron.sk\/hu\/wp-content\/uploads\/2023\/07\/IMG_5352_1-600x429.jpg",600,429,true],"medium_large":["https:\/\/regiongron.sk\/hu\/wp-content\/uploads\/2023\/07\/IMG_5352_1.jpg",700,500,false],"large":["https:\/\/regiongron.sk\/hu\/wp-content\/uploads\/2023\/07\/IMG_5352_1.jpg",700,500,false],"1536x1536":["https:\/\/regiongron.sk\/hu\/wp-content\/uploads\/2023\/07\/IMG_5352_1.jpg",700,500,false],"2048x2048":["https:\/\/regiongron.sk\/hu\/wp-content\/uploads\/2023\/07\/IMG_5352_1.jpg",700,500,false]},"uagb_author_info":{"display_name":"regiongron","author_link":"https:\/\/regiongron.sk\/hu\/author\/regiongron\/"},"uagb_comment_info":0,"uagb_excerpt":"A strand nem csak a forr\u00f3 ny\u00e1ri napokon k\u00edn\u00e1l pihen\u00e9st, hanem a term\u00e1lv\u00edz gy\u00f3gy\u00edt\u00f3 erej\u00e9t is kihaszn\u00e1lhatja. \u00a0 A strand ter\u00fclete telep\u00edtett f\u00e1k \u00e9s bokrok \u00f6lel\u00e9s\u00e9ben fekszik, kellemes \u00e1rny\u00e9kos mened\u00e9ket k\u00edn\u00e1lva a ny\u00e1ri h\u0151s\u00e9gben is. A gyerekeket kisebb j\u00e1tsz\u00f3t\u00e9r v\u00e1rja, a k\u00f6rny\u00e9ken pedig elegend\u0151 helyet k\u00edn\u00e1lkozik a k\u00fcl\u00f6nf\u00e9le labdaj\u00e1t\u00e9kokhoz.\u00a0","_links":{"self":[{"href":"https:\/\/regiongron.sk\/hu\/wp-json\/wp\/v2\/posts\/19835","targetHints":{"allow":["GET"]}}],"collection":[{"href":"https:\/\/regiongron.sk\/hu\/wp-json\/wp\/v2\/posts"}],"about":[{"href":"https:\/\/regiongron.sk\/hu\/wp-json\/wp\/v2\/types\/post"}],"author":[{"embeddable":true,"href":"https:\/\/regiongron.sk\/hu\/wp-json\/wp\/v2\/users\/2"}],"replies":[{"embeddable":true,"href":"https:\/\/regiongron.sk\/hu\/wp-json\/wp\/v2\/comments?post=19835"}],"version-history":[{"count":3,"href":"https:\/\/regiongron.sk\/hu\/wp-json\/wp\/v2\/posts\/19835\/revisions"}],"predecessor-version":[{"id":24139,"href":"https:\/\/regiongron.sk\/hu\/wp-json\/wp\/v2\/posts\/19835\/revisions\/24139"}],"wp:featuredmedia":[{"embeddable":true,"href":"https:\/\/regiongron.sk\/hu\/wp-json\/wp\/v2\/media\/19836"}],"wp:attachment":[{"href":"https:\/\/regiongron.sk\/hu\/wp-json\/wp\/v2\/media?parent=19835"}],"wp:term":[{"taxonomy":"category","embeddable":true,"href":"https:\/\/regiongron.sk\/hu\/wp-json\/wp\/v2\/categories?post=19835"},{"taxonomy":"post_tag","embeddable":true,"href":"https:\/\/regiongron.sk\/hu\/wp-json\/wp\/v2\/tags?post=19835"}],"curies":[{"name":"wp","href":"https:\/\/api.w.org\/{rel}","templated":true}]}}