{"id":19933,"date":"2023-07-25T15:25:29","date_gmt":"2023-07-25T13:25:29","guid":{"rendered":"https:\/\/regiongron.sk\/?p=19933"},"modified":"2023-08-03T16:33:24","modified_gmt":"2023-08-03T14:33:24","slug":"na-vikend-sa-ide-na-plochu-drahu-do-zarnovice","status":"publish","type":"post","link":"https:\/\/regiongron.sk\/hu\/na-vikend-sa-ide-na-plochu-drahu-do-zarnovice\/","title":{"rendered":"V\u00cdKEND S PLOCHOU DR\u00c1HOU!"},"content":{"rendered":"<div class=\"wp-block-image\">\n<figure class=\"aligncenter size-large\"><img loading=\"lazy\" decoding=\"async\" width=\"1024\" height=\"576\" src=\"https:\/\/regiongron.sk\/wp-content\/uploads\/2023\/07\/Huska-Gronka-plocha-draha-Zarnovica-2-1024x576.jpg\" alt=\"Huska Gronka ploch\u00e1 dr\u00e1ha \u017darnovica\" class=\"wp-image-19991\" srcset=\"https:\/\/regiongron.sk\/hu\/wp-content\/uploads\/2023\/07\/Huska-Gronka-plocha-draha-Zarnovica-2-1024x576.jpg 1024w, https:\/\/regiongron.sk\/hu\/wp-content\/uploads\/2023\/07\/Huska-Gronka-plocha-draha-Zarnovica-2-600x338.jpg 600w, https:\/\/regiongron.sk\/hu\/wp-content\/uploads\/2023\/07\/Huska-Gronka-plocha-draha-Zarnovica-2-768x432.jpg 768w, https:\/\/regiongron.sk\/hu\/wp-content\/uploads\/2023\/07\/Huska-Gronka-plocha-draha-Zarnovica-2-1536x864.jpg 1536w, https:\/\/regiongron.sk\/hu\/wp-content\/uploads\/2023\/07\/Huska-Gronka-plocha-draha-Zarnovica-2.jpg 2048w\" sizes=\"auto, (max-width: 1024px) 100vw, 1024px\" \/><\/figure>\n<\/div>\n\n\n<p>Viete si predstavi\u0165, \u017ee by sme po cest\u00e1ch jazdili bez b\u0155zd a na raketov\u00e9 palivo? V <strong>\u017darnovici<\/strong> si to predstavova\u0165 nemus\u00edte, v \u017darnovici to m\u00f4\u017eete vidie\u0165 na vlastn\u00e9 o\u010di! <\/p>\n\n\n\n<p>V \u017darnovici sa dnes nach\u00e1dza jedin\u00fd plochodr\u00e1\u017eny \u0161tadi\u00f3n na Slovensku. V minulosti sa tento \u0161port te\u0161il v\u00e4\u010d\u0161ej ob\u013eube, na Slovensku bolo ploch\u00fdch dr\u00e1h hne\u010f nieko\u013eko. Prv\u00e1 ploch\u00e1 dr\u00e1ha na Slovensku vznikla v roku 1931 v Ko\u0161iciach. Od vtedy sa tento \u0161port dostal na \u010fal\u0161\u00edch 10 \u0161tadi\u00f3nov. Ploch\u00e1 dr\u00e1ha sa jazdila: Ko\u0161iciach, Bratislave, Pie\u0161\u0165anoch, Zohore, Partiz\u00e1nskom, Banskej Bystrici, Spi\u0161skej Novej Vsi a Poprade. V s\u00fa\u010dasnosti ostala iba t\u00e1 \u017earnovick\u00e1, no t\u00e1 pravdupovediac \u017eije aj za v\u0161etky ostatn\u00e9!<\/p>\n\n\n\n<p><\/p>\n\n\n\n<figure class=\"wp-block-gallery has-nested-images columns-2 is-cropped wp-block-gallery-1 is-layout-flex wp-block-gallery-is-layout-flex\">\n<figure class=\"wp-block-image size-large\"><img loading=\"lazy\" decoding=\"async\" width=\"1024\" height=\"683\" data-id=\"16308\" src=\"https:\/\/regiongron.sk\/wp-content\/uploads\/2016\/12\/GRON_zarnovica_plocha_draha-1024x683.jpg\" alt=\"ploch\u00e1 dr\u00e1ha \u017earnovica \u0161tadi\u00f3n\n\" class=\"wp-image-16308\" srcset=\"https:\/\/regiongron.sk\/hu\/wp-content\/uploads\/2016\/12\/GRON_zarnovica_plocha_draha-1024x683.jpg 1024w, https:\/\/regiongron.sk\/hu\/wp-content\/uploads\/2016\/12\/GRON_zarnovica_plocha_draha-600x400.jpg 600w, https:\/\/regiongron.sk\/hu\/wp-content\/uploads\/2016\/12\/GRON_zarnovica_plocha_draha-768x512.jpg 768w, https:\/\/regiongron.sk\/hu\/wp-content\/uploads\/2016\/12\/GRON_zarnovica_plocha_draha-1536x1024.jpg 1536w, https:\/\/regiongron.sk\/hu\/wp-content\/uploads\/2016\/12\/GRON_zarnovica_plocha_draha-2048x1365.jpg 2048w, https:\/\/regiongron.sk\/hu\/wp-content\/uploads\/2016\/12\/GRON_zarnovica_plocha_draha-scaled.jpg 2560w\" sizes=\"auto, (max-width: 1024px) 100vw, 1024px\" \/><\/figure>\n\n\n\n<figure class=\"wp-block-image size-large\"><img loading=\"lazy\" decoding=\"async\" width=\"1024\" height=\"576\" data-id=\"19983\" src=\"https:\/\/regiongron.sk\/wp-content\/uploads\/2023\/07\/plocha-draha-zarnovica-6-1024x576.jpg\" alt=\"\" class=\"wp-image-19983\" srcset=\"https:\/\/regiongron.sk\/hu\/wp-content\/uploads\/2023\/07\/plocha-draha-zarnovica-6-1024x576.jpg 1024w, https:\/\/regiongron.sk\/hu\/wp-content\/uploads\/2023\/07\/plocha-draha-zarnovica-6-600x338.jpg 600w, https:\/\/regiongron.sk\/hu\/wp-content\/uploads\/2023\/07\/plocha-draha-zarnovica-6-768x432.jpg 768w, https:\/\/regiongron.sk\/hu\/wp-content\/uploads\/2023\/07\/plocha-draha-zarnovica-6-1536x864.jpg 1536w, https:\/\/regiongron.sk\/hu\/wp-content\/uploads\/2023\/07\/plocha-draha-zarnovica-6-2048x1152.jpg 2048w, https:\/\/regiongron.sk\/hu\/wp-content\/uploads\/2023\/07\/plocha-draha-zarnovica-6-scaled.jpg 2560w\" sizes=\"auto, (max-width: 1024px) 100vw, 1024px\" \/><\/figure>\n<\/figure>\n\n\n\n<p>\u017darnovica je <strong>mestom plochej dr\u00e1hy<\/strong>, a to u\u017e poriadne dlho. V roku 2023 oslavuje <strong>70. v\u00fdro\u010die<\/strong> zalo\u017eenia \u0161tadi\u00f3na - usporiadania prv\u00fdch pretekov. Pri tejto pr\u00edle\u017eitosti s\u00fa pripraven\u00e9 dvojd\u0148ov\u00e9 oslavy, ktor\u00e9 organiz\u00e1tori nazvali <a rel=\"noreferrer noopener\" href=\"https:\/\/regiongron.sk\/?page_id=19978\" data-type=\"page\" data-id=\"19978\" target=\"_blank\">Plochodr\u00e1\u017eny v\u00edkend s Martinom Vacul\u00edkom<\/a>. V&nbsp;sobotu 29. j\u00fala je na programe semifin\u00e1lov\u00fd boj Majstrovstiev Eur\u00f3py do 19. rokov. V nede\u013eu 30. j\u00fala to bud\u00fa preteky k 70 v\u00fdro\u010diu plochej dr\u00e1hy v \u017darnovici, na ktor\u00fdch bude \u0161tartova\u0165 aj n\u00e1\u0161 najlep\u0161\u00ed Martin Vacul\u00edk. <\/p>\n\n\n<div class=\"wp-block-image\">\n<figure class=\"aligncenter size-large is-resized\"><img loading=\"lazy\" decoding=\"async\" src=\"https:\/\/regiongron.sk\/wp-content\/uploads\/2023\/07\/plocha-draha-70-rokov-preteky-plagat-1-1024x1024.jpg\" alt=\"plocha-draha-70-rokov-preteky-plagat-1\" class=\"wp-image-19987\" width=\"768\" height=\"768\" srcset=\"https:\/\/regiongron.sk\/hu\/wp-content\/uploads\/2023\/07\/plocha-draha-70-rokov-preteky-plagat-1-1024x1024.jpg 1024w, https:\/\/regiongron.sk\/hu\/wp-content\/uploads\/2023\/07\/plocha-draha-70-rokov-preteky-plagat-1-600x600.jpg 600w, https:\/\/regiongron.sk\/hu\/wp-content\/uploads\/2023\/07\/plocha-draha-70-rokov-preteky-plagat-1-400x400.jpg 400w, https:\/\/regiongron.sk\/hu\/wp-content\/uploads\/2023\/07\/plocha-draha-70-rokov-preteky-plagat-1-768x768.jpg 768w, https:\/\/regiongron.sk\/hu\/wp-content\/uploads\/2023\/07\/plocha-draha-70-rokov-preteky-plagat-1-1536x1536.jpg 1536w, https:\/\/regiongron.sk\/hu\/wp-content\/uploads\/2023\/07\/plocha-draha-70-rokov-preteky-plagat-1.jpg 2000w\" sizes=\"auto, (max-width: 768px) 100vw, 768px\" \/><\/figure>\n<\/div>\n\n\n<figure class=\"wp-block-gallery has-nested-images columns-default is-cropped wp-block-gallery-2 is-layout-flex wp-block-gallery-is-layout-flex\">\n<figure class=\"wp-block-image size-large\"><img loading=\"lazy\" decoding=\"async\" width=\"1024\" height=\"1024\" data-id=\"19985\" src=\"https:\/\/regiongron.sk\/wp-content\/uploads\/2023\/07\/plocha-draha-70-rokov-preteky-detske-atrakcie-1024x1024.jpg\" alt=\"\" class=\"wp-image-19985\" srcset=\"https:\/\/regiongron.sk\/hu\/wp-content\/uploads\/2023\/07\/plocha-draha-70-rokov-preteky-detske-atrakcie-1024x1024.jpg 1024w, https:\/\/regiongron.sk\/hu\/wp-content\/uploads\/2023\/07\/plocha-draha-70-rokov-preteky-detske-atrakcie-600x600.jpg 600w, https:\/\/regiongron.sk\/hu\/wp-content\/uploads\/2023\/07\/plocha-draha-70-rokov-preteky-detske-atrakcie-400x400.jpg 400w, https:\/\/regiongron.sk\/hu\/wp-content\/uploads\/2023\/07\/plocha-draha-70-rokov-preteky-detske-atrakcie-768x768.jpg 768w, https:\/\/regiongron.sk\/hu\/wp-content\/uploads\/2023\/07\/plocha-draha-70-rokov-preteky-detske-atrakcie-1536x1536.jpg 1536w, https:\/\/regiongron.sk\/hu\/wp-content\/uploads\/2023\/07\/plocha-draha-70-rokov-preteky-detske-atrakcie.jpg 2000w\" sizes=\"auto, (max-width: 1024px) 100vw, 1024px\" \/><\/figure>\n\n\n\n<figure class=\"wp-block-image size-large\"><img loading=\"lazy\" decoding=\"async\" width=\"1024\" height=\"1024\" data-id=\"19986\" src=\"https:\/\/regiongron.sk\/wp-content\/uploads\/2023\/07\/plocha-draha-70-rokov-preteky-trial-show-1024x1024.jpg\" alt=\"\" class=\"wp-image-19986\" srcset=\"https:\/\/regiongron.sk\/hu\/wp-content\/uploads\/2023\/07\/plocha-draha-70-rokov-preteky-trial-show-1024x1024.jpg 1024w, https:\/\/regiongron.sk\/hu\/wp-content\/uploads\/2023\/07\/plocha-draha-70-rokov-preteky-trial-show-600x600.jpg 600w, https:\/\/regiongron.sk\/hu\/wp-content\/uploads\/2023\/07\/plocha-draha-70-rokov-preteky-trial-show-400x400.jpg 400w, https:\/\/regiongron.sk\/hu\/wp-content\/uploads\/2023\/07\/plocha-draha-70-rokov-preteky-trial-show-768x768.jpg 768w, https:\/\/regiongron.sk\/hu\/wp-content\/uploads\/2023\/07\/plocha-draha-70-rokov-preteky-trial-show-1536x1536.jpg 1536w, https:\/\/regiongron.sk\/hu\/wp-content\/uploads\/2023\/07\/plocha-draha-70-rokov-preteky-trial-show.jpg 2000w\" sizes=\"auto, (max-width: 1024px) 100vw, 1024px\" \/><\/figure>\n<\/figure>\n\n\n\n<p>Po\u010das sez\u00f3ny (od apr\u00edla do okt\u00f3bra) sa tu konaj\u00fa aj r\u00f4zne \u010fal\u0161ie preteky, mnoho z nich aj s \u00fa\u010das\u0165ou medzin\u00e1rodn\u00fdch t\u00edmov a jazdcov. Spome\u0148me aspo\u0148 najprest\u00ed\u017enej\u0161ie a najv\u00fdznamnej\u0161ie plochodr\u00e1\u017ene podujatie od vzniku plochej dr\u00e1hy v \u017darnovici <a rel=\"noreferrer noopener\" href=\"https:\/\/regiongron.sk\/podujatia\/kvalifikacia-grand-prix-plocha-draha-zarnovica\/\" data-type=\"URL\" data-id=\"https:\/\/regiongron.sk\/podujatia\/kvalifikacia-grand-prix-plocha-draha-zarnovica\/\" target=\"_blank\">Grand Prix Kvalifik\u00e1cia<\/a>. Podujatia vo v\u00e4\u010d\u0161ine pr\u00edpadov zastre\u0161uje <strong><a rel=\"noreferrer noopener\" href=\"https:\/\/regiongron.sk\/clenovia\/speedway-club-zarnovica\/\" data-type=\"clenovia\" data-id=\"18064\" target=\"_blank\">Speedway Club \u017darnovica<\/a><\/strong>, plochodr\u00e1\u017enici srdcom, du\u0161ou i v\u0161etk\u00fdm ostatn\u00fdm. <\/p>\n\n\n\n<p>A \u010do je vlastne na tomto \u0161porte tak\u00e9 zauj\u00edmav\u00e9 a jedine\u010dn\u00e9? S\u00fa to pr\u00e1ve stroje - <strong>motorky<\/strong> - ktor\u00e9 sa na preteky pou\u017e\u00edvaj\u00fa. Jazdia na <strong>raketov\u00e9 palivo<\/strong> (metanol), maj\u00fa iba jeden prevodov\u00fd stupe\u0148 a <strong>nemaj\u00fa brzdy<\/strong>. Z 0 na 100 km\/h zr\u00fdchlia za pribli\u017ene 3 sekundy. <\/p>\n\n\n<div class=\"wp-block-image\">\n<figure class=\"aligncenter size-large\"><img loading=\"lazy\" decoding=\"async\" width=\"1024\" height=\"576\" src=\"https:\/\/regiongron.sk\/wp-content\/uploads\/2023\/07\/plocha-draha-zarnovica-3-1024x576.jpg\" alt=\"plocha draha \u017earnovica \" class=\"wp-image-19988\" srcset=\"https:\/\/regiongron.sk\/hu\/wp-content\/uploads\/2023\/07\/plocha-draha-zarnovica-3-1024x576.jpg 1024w, https:\/\/regiongron.sk\/hu\/wp-content\/uploads\/2023\/07\/plocha-draha-zarnovica-3-600x338.jpg 600w, https:\/\/regiongron.sk\/hu\/wp-content\/uploads\/2023\/07\/plocha-draha-zarnovica-3-768x432.jpg 768w, https:\/\/regiongron.sk\/hu\/wp-content\/uploads\/2023\/07\/plocha-draha-zarnovica-3-1536x864.jpg 1536w, https:\/\/regiongron.sk\/hu\/wp-content\/uploads\/2023\/07\/plocha-draha-zarnovica-3-2048x1152.jpg 2048w, https:\/\/regiongron.sk\/hu\/wp-content\/uploads\/2023\/07\/plocha-draha-zarnovica-3-scaled.jpg 2560w\" sizes=\"auto, (max-width: 1024px) 100vw, 1024px\" \/><\/figure>\n<\/div>\n\n\n<p>Ke\u010f si uvedom\u00edme, \u017ee <strong>preteky sa jazdia na ov\u00e1le vysypanom hlinou<\/strong> alebo \u0161kvarou o d\u013a\u017eke maxim\u00e1lne <strong>400 metrov<\/strong>... hranica medzi adrenal\u00ednov\u00fdm moto\u0161portom a \u017eivotunebezpe\u010dnou aktivitou je n\u00e1hle zna\u010dne tenk\u00e1. O to viac v\u0161ak mo\u017eno obdivova\u0165 jazdcov, ktor\u00ed tento \u0161port zvl\u00e1daj\u00fa, dokonca tak, \u017ee s\u00fa v \u0148om majstrami. Svojho \u0161ampi\u00f3na m\u00e1 aj \u017darnovica, jej rod\u00e1k, <strong>Martin Vacul\u00edk<\/strong> je aktu\u00e1lne jedn\u00fdm z naj\u00faspe\u0161nej\u0161\u00edch pretek\u00e1rov v hist\u00f3rii tohto \u0161portu. <\/p>\n\n\n<div class=\"wp-block-image\">\n<figure class=\"aligncenter size-large\"><img loading=\"lazy\" decoding=\"async\" width=\"1024\" height=\"576\" src=\"https:\/\/regiongron.sk\/wp-content\/uploads\/2023\/07\/DSC00216-\u2013-kopia-1024x576.jpg\" alt=\"plocha draha zarnovica Martin Vaculik\" class=\"wp-image-19981\" srcset=\"https:\/\/regiongron.sk\/hu\/wp-content\/uploads\/2023\/07\/DSC00216-\u2013-kopia-1024x576.jpg 1024w, https:\/\/regiongron.sk\/hu\/wp-content\/uploads\/2023\/07\/DSC00216-\u2013-kopia-600x338.jpg 600w, https:\/\/regiongron.sk\/hu\/wp-content\/uploads\/2023\/07\/DSC00216-\u2013-kopia-768x432.jpg 768w, https:\/\/regiongron.sk\/hu\/wp-content\/uploads\/2023\/07\/DSC00216-\u2013-kopia-1536x864.jpg 1536w, https:\/\/regiongron.sk\/hu\/wp-content\/uploads\/2023\/07\/DSC00216-\u2013-kopia-2048x1152.jpg 2048w, https:\/\/regiongron.sk\/hu\/wp-content\/uploads\/2023\/07\/DSC00216-\u2013-kopia-scaled.jpg 2560w\" sizes=\"auto, (max-width: 1024px) 100vw, 1024px\" \/><\/figure>\n<\/div>\n\n<p><iframe loading=\"lazy\" style=\"border:none\" src=\"https:\/\/sk.frame.mapy.cz\/s\/bohameleju\" width=\"100%\" height=\"350\" frameborder=\"0\"><\/iframe><\/p>\n\n\n\n\n","protected":false},"excerpt":{"rendered":"<p>Viete si predstavi\u0165, \u017ee by sme po cest\u00e1ch jazdili bez b\u0155zd a na raketov\u00e9 palivo? V \u017darnovici si to predstavova\u0165 nemus\u00edte, v \u017darnovici to m\u00f4\u017eete vidie\u0165 na vlastn\u00e9 o\u010di! V \u017darnovici sa dnes nach\u00e1dza jedin\u00fd plochodr\u00e1\u017eny \u0161tadi\u00f3n na Slovensku. V minulosti sa tento \u0161port te\u0161il v\u00e4\u010d\u0161ej ob\u013eube, na Slovensku bolo ploch\u00fdch dr\u00e1h hne\u010f nieko\u013eko. Prv\u00e1 [&hellip;]<\/p>\n","protected":false},"author":2,"featured_media":19990,"comment_status":"open","ping_status":"open","sticky":false,"template":"","format":"standard","meta":{"_acf_changed":false,"inline_featured_image":false,"_uag_custom_page_level_css":"","footnotes":""},"categories":[56],"tags":[],"class_list":["post-19933","post","type-post","status-publish","format-standard","has-post-thumbnail","hentry","category-huska-gronka"],"acf":[],"uagb_featured_image_src":{"full":["https:\/\/regiongron.sk\/hu\/wp-content\/uploads\/2023\/07\/Huska-Gronka-plocha-draha-Zarnovica-1.jpg",1200,1200,false],"thumbnail":["https:\/\/regiongron.sk\/hu\/wp-content\/uploads\/2023\/07\/Huska-Gronka-plocha-draha-Zarnovica-1-400x400.jpg",400,400,true],"medium":["https:\/\/regiongron.sk\/hu\/wp-content\/uploads\/2023\/07\/Huska-Gronka-plocha-draha-Zarnovica-1-600x600.jpg",600,600,true],"medium_large":["https:\/\/regiongron.sk\/hu\/wp-content\/uploads\/2023\/07\/Huska-Gronka-plocha-draha-Zarnovica-1-768x768.jpg",768,768,true],"large":["https:\/\/regiongron.sk\/hu\/wp-content\/uploads\/2023\/07\/Huska-Gronka-plocha-draha-Zarnovica-1-1024x1024.jpg",1024,1024,true],"1536x1536":["https:\/\/regiongron.sk\/hu\/wp-content\/uploads\/2023\/07\/Huska-Gronka-plocha-draha-Zarnovica-1.jpg",1200,1200,false],"2048x2048":["https:\/\/regiongron.sk\/hu\/wp-content\/uploads\/2023\/07\/Huska-Gronka-plocha-draha-Zarnovica-1.jpg",1200,1200,false]},"uagb_author_info":{"display_name":"regiongron","author_link":"https:\/\/regiongron.sk\/hu\/author\/regiongron\/"},"uagb_comment_info":0,"uagb_excerpt":"Viete si predstavi\u0165, \u017ee by sme po cest\u00e1ch jazdili bez b\u0155zd a na raketov\u00e9 palivo? V \u017darnovici si to predstavova\u0165 nemus\u00edte, v \u017darnovici to m\u00f4\u017eete vidie\u0165 na vlastn\u00e9 o\u010di! V \u017darnovici sa dnes nach\u00e1dza jedin\u00fd plochodr\u00e1\u017eny \u0161tadi\u00f3n na Slovensku. V minulosti sa tento \u0161port te\u0161il v\u00e4\u010d\u0161ej ob\u013eube, na Slovensku bolo ploch\u00fdch dr\u00e1h hne\u010f nieko\u013eko. Prv\u00e1&hellip;","_links":{"self":[{"href":"https:\/\/regiongron.sk\/hu\/wp-json\/wp\/v2\/posts\/19933","targetHints":{"allow":["GET"]}}],"collection":[{"href":"https:\/\/regiongron.sk\/hu\/wp-json\/wp\/v2\/posts"}],"about":[{"href":"https:\/\/regiongron.sk\/hu\/wp-json\/wp\/v2\/types\/post"}],"author":[{"embeddable":true,"href":"https:\/\/regiongron.sk\/hu\/wp-json\/wp\/v2\/users\/2"}],"replies":[{"embeddable":true,"href":"https:\/\/regiongron.sk\/hu\/wp-json\/wp\/v2\/comments?post=19933"}],"version-history":[{"count":5,"href":"https:\/\/regiongron.sk\/hu\/wp-json\/wp\/v2\/posts\/19933\/revisions"}],"predecessor-version":[{"id":20068,"href":"https:\/\/regiongron.sk\/hu\/wp-json\/wp\/v2\/posts\/19933\/revisions\/20068"}],"wp:featuredmedia":[{"embeddable":true,"href":"https:\/\/regiongron.sk\/hu\/wp-json\/wp\/v2\/media\/19990"}],"wp:attachment":[{"href":"https:\/\/regiongron.sk\/hu\/wp-json\/wp\/v2\/media?parent=19933"}],"wp:term":[{"taxonomy":"category","embeddable":true,"href":"https:\/\/regiongron.sk\/hu\/wp-json\/wp\/v2\/categories?post=19933"},{"taxonomy":"post_tag","embeddable":true,"href":"https:\/\/regiongron.sk\/hu\/wp-json\/wp\/v2\/tags?post=19933"}],"curies":[{"name":"wp","href":"https:\/\/api.w.org\/{rel}","templated":true}]}}