{"id":20276,"date":"2023-08-28T13:57:03","date_gmt":"2023-08-28T11:57:03","guid":{"rendered":"https:\/\/regiongron.sk\/?p=20276"},"modified":"2023-08-28T15:43:13","modified_gmt":"2023-08-28T13:43:13","slug":"repiste-to-nie-je-len-marcus","status":"publish","type":"post","link":"https:\/\/regiongron.sk\/hu\/repiste-to-nie-je-len-marcus\/","title":{"rendered":"REPI\u0160TE - MARCUS A VIAC!"},"content":{"rendered":"<div class=\"wp-block-image\">\n<figure class=\"aligncenter size-large\"><img loading=\"lazy\" decoding=\"async\" width=\"1024\" height=\"683\" src=\"https:\/\/regiongron.sk\/wp-content\/uploads\/2023\/08\/BERIEM-BATOH-A-IDE-SA-DO-LESA-NA-ZVONICKU-3-1024x683.jpg\" alt=\"\" class=\"wp-image-20319\" srcset=\"https:\/\/regiongron.sk\/hu\/wp-content\/uploads\/2023\/08\/BERIEM-BATOH-A-IDE-SA-DO-LESA-NA-ZVONICKU-3-1024x683.jpg 1024w, https:\/\/regiongron.sk\/hu\/wp-content\/uploads\/2023\/08\/BERIEM-BATOH-A-IDE-SA-DO-LESA-NA-ZVONICKU-3-600x400.jpg 600w, https:\/\/regiongron.sk\/hu\/wp-content\/uploads\/2023\/08\/BERIEM-BATOH-A-IDE-SA-DO-LESA-NA-ZVONICKU-3-768x512.jpg 768w, https:\/\/regiongron.sk\/hu\/wp-content\/uploads\/2023\/08\/BERIEM-BATOH-A-IDE-SA-DO-LESA-NA-ZVONICKU-3-1536x1024.jpg 1536w, https:\/\/regiongron.sk\/hu\/wp-content\/uploads\/2023\/08\/BERIEM-BATOH-A-IDE-SA-DO-LESA-NA-ZVONICKU-3.jpg 2048w\" sizes=\"auto, (max-width: 1024px) 100vw, 1024px\" \/><\/figure>\n<\/div>\n\n\n<p>O tom, \u017ee \u0160tiavnick\u00e9 vrchy s\u00fa <strong>v\u00fdnimo\u010dn\u00fdm pohor\u00edm<\/strong> a kusom na\u0161ej krajiny, v\u00e1s presvied\u010da\u0165 asi nemus\u00edme. No tieto lesy z\u00e1rove\u0148 ukr\u00fdvaj\u00fa <strong>unik\u00e1ty<\/strong>, o ktor\u00fdch ste mo\u017eno e\u0161te nepo\u010duli! Dvojkr\u00ed\u017e na vrchole kopca, rozpr\u00e1vkov\u00fd z\u00e1mo\u010dek \u010di zvy\u0161ky zaniknut\u00e9ho hradu. Vrav\u00edte si, \u017ee to predsa nie je ni\u010d nezvy\u010dajn\u00e9? Tak sa na to spolo\u010dne pozrime, vitajte v obci Repi\u0161te!<\/p>\n\n\n<div class=\"wp-block-image\">\n<figure class=\"aligncenter size-large\"><img loading=\"lazy\" decoding=\"async\" width=\"1024\" height=\"683\" src=\"https:\/\/regiongron.sk\/wp-content\/uploads\/2023\/08\/GRON_9_Repiste-1-1024x683.jpg\" alt=\"\" class=\"wp-image-20300\" srcset=\"https:\/\/regiongron.sk\/hu\/wp-content\/uploads\/2023\/08\/GRON_9_Repiste-1-1024x683.jpg 1024w, https:\/\/regiongron.sk\/hu\/wp-content\/uploads\/2023\/08\/GRON_9_Repiste-1-600x400.jpg 600w, https:\/\/regiongron.sk\/hu\/wp-content\/uploads\/2023\/08\/GRON_9_Repiste-1-768x512.jpg 768w, https:\/\/regiongron.sk\/hu\/wp-content\/uploads\/2023\/08\/GRON_9_Repiste-1-1536x1024.jpg 1536w, https:\/\/regiongron.sk\/hu\/wp-content\/uploads\/2023\/08\/GRON_9_Repiste-1-2048x1365.jpg 2048w, https:\/\/regiongron.sk\/hu\/wp-content\/uploads\/2023\/08\/GRON_9_Repiste-1-scaled.jpg 2560w\" sizes=\"auto, (max-width: 1024px) 100vw, 1024px\" \/><\/figure>\n<\/div>\n\n\n<p>Nen\u00e1padn\u00fd kop\u010dek <strong><a href=\"https:\/\/regiongron.sk\/dvojkriz-na-vrchu-bimbiz\/\" data-type=\"post\" data-id=\"573\">Bimb\u00edz<\/a><\/strong> nad obcou Repi\u0161te up\u00fata u\u017e svojim nezvy\u010dajn\u00fdm n\u00e1zvom. Na jeho vrchu sa nach\u00e1dza <strong>dreven\u00fd dvojkr\u00ed\u017e<\/strong>, ak\u00fd n\u00e1jdete na mnoh\u00fdch in\u00fdch slovensk\u00fdch kopcoch i vrchoch.<\/p>\n\n\n<div class=\"wp-block-image\">\n<figure class=\"aligncenter size-full\"><img loading=\"lazy\" decoding=\"async\" width=\"800\" height=\"600\" src=\"https:\/\/regiongron.sk\/wp-content\/uploads\/2023\/02\/krizbimbiz.jpg\" alt=\"kriz bimbiz repiste\" class=\"wp-image-15134\" srcset=\"https:\/\/regiongron.sk\/hu\/wp-content\/uploads\/2023\/02\/krizbimbiz.jpg 800w, https:\/\/regiongron.sk\/hu\/wp-content\/uploads\/2023\/02\/krizbimbiz-600x450.jpg 600w, https:\/\/regiongron.sk\/hu\/wp-content\/uploads\/2023\/02\/krizbimbiz-768x576.jpg 768w\" sizes=\"auto, (max-width: 800px) 100vw, 800px\" \/><\/figure>\n<\/div>\n\n\n<p>Tento nad Repi\u0161\u0165om je v\u0161ak jedine\u010dn\u00fd, preto\u017ee bol postaven\u00fd na oslavu v\u00ed\u0165azstva hokejistov slovenskej reprezent\u00e1cie na Majstrovstv\u00e1ch sveta v \u013eadovom hokeji v roku 2002. Okrem kr\u00ed\u017ea v\u00e1s tu \u010dakaj\u00fa aj pekn\u00e9 polkruhov\u00e9 v\u00fdh\u013eady do \u010faleka.<\/p>\n\n\n<p><iframe loading=\"lazy\" width=\"100%\" height=\"350\" src=\"https:\/\/www.youtube.com\/embed\/xw31-7qVr2A?si=nCQBqCaJEabLSE8J\" title=\"YouTube video player\" frameborder=\"0\" allow=\"accelerometer; autoplay; clipboard-write; encrypted-media; gyroscope; picture-in-picture; web-share\" allowfullscreen><\/iframe><\/p>\n\n\n\n<p>Z Bimb\u00edzu sa nemus\u00edte hne\u010f vr\u00e1ti\u0165 sp\u00e4\u0165 dolu, ak z\u00eddete opa\u010dn\u00fdm smerom a po lesnej ceste budete chv\u00ed\u013eu pokra\u010dova\u0165, pr\u00eddete na r\u00e1zcestie ved\u00face k tzv. <strong><a href=\"https:\/\/regiongron.sk\/hrad-marcus\/\" data-type=\"post\" data-id=\"576\">hradu Marcus<\/a><\/strong>. Je to ve\u013emi fotogenick\u00e9 miesto, hoci replika stredovek\u00e9ho hradu bez pripojenia na elektrinu v turistoch \u010dasto vyvol\u00e1va zmie\u0161an\u00e9 pocity. Dnu sa dosta\u0165 ned\u00e1, preto je tento hrad pre niekoho len pekn\u00fdm miestom na fotku a pre in\u00e9ho zas nepotrebn\u00fd g\u00fd\u010d uprostred pr\u00edrody. Pri hrade sa nach\u00e1dza i jedno zo zastaven\u00ed <a href=\"https:\/\/barborskacesta.sk\/\" data-type=\"link\" data-id=\"https:\/\/barborskacesta.sk\/\" target=\"_blank\" rel=\"noreferrer noopener\">Barborskej cesty<\/a> - Kaplnka sv. Barbory.<\/p>\n\n\n\n<figure class=\"wp-block-gallery aligncenter has-nested-images columns-2 is-cropped wp-block-gallery-1 is-layout-flex wp-block-gallery-is-layout-flex\">\n<figure class=\"wp-block-image size-full\"><img loading=\"lazy\" decoding=\"async\" width=\"770\" height=\"577\" data-id=\"20329\" src=\"https:\/\/regiongron.sk\/wp-content\/uploads\/2023\/08\/Hrad-Marcus-1.jpg\" alt=\"\" class=\"wp-image-20329\" srcset=\"https:\/\/regiongron.sk\/hu\/wp-content\/uploads\/2023\/08\/Hrad-Marcus-1.jpg 770w, https:\/\/regiongron.sk\/hu\/wp-content\/uploads\/2023\/08\/Hrad-Marcus-1-600x450.jpg 600w, https:\/\/regiongron.sk\/hu\/wp-content\/uploads\/2023\/08\/Hrad-Marcus-1-768x576.jpg 768w\" sizes=\"auto, (max-width: 770px) 100vw, 770px\" \/><\/figure>\n\n\n\n<figure class=\"wp-block-image size-large\"><img loading=\"lazy\" decoding=\"async\" width=\"1024\" height=\"683\" data-id=\"19118\" src=\"https:\/\/regiongron.sk\/wp-content\/uploads\/2023\/04\/Hrad-Marcus-4-1024x683.jpg\" alt=\"Hrad-Marcus\" class=\"wp-image-19118\" srcset=\"https:\/\/regiongron.sk\/hu\/wp-content\/uploads\/2023\/04\/Hrad-Marcus-4-1024x683.jpg 1024w, https:\/\/regiongron.sk\/hu\/wp-content\/uploads\/2023\/04\/Hrad-Marcus-4-600x400.jpg 600w, https:\/\/regiongron.sk\/hu\/wp-content\/uploads\/2023\/04\/Hrad-Marcus-4-768x512.jpg 768w, https:\/\/regiongron.sk\/hu\/wp-content\/uploads\/2023\/04\/Hrad-Marcus-4-1536x1024.jpg 1536w, https:\/\/regiongron.sk\/hu\/wp-content\/uploads\/2023\/04\/Hrad-Marcus-4-2048x1365.jpg 2048w, https:\/\/regiongron.sk\/hu\/wp-content\/uploads\/2023\/04\/Hrad-Marcus-4-scaled.jpg 2560w\" sizes=\"auto, (max-width: 1024px) 100vw, 1024px\" \/><\/figure>\n\n\n\n<figure class=\"wp-block-image size-large\"><img loading=\"lazy\" decoding=\"async\" width=\"1024\" height=\"768\" data-id=\"20327\" src=\"https:\/\/regiongron.sk\/wp-content\/uploads\/2023\/08\/Hrad-Marcu-Cestuj-s-detmi-1-1024x768.jpg\" alt=\"\" class=\"wp-image-20327\" srcset=\"https:\/\/regiongron.sk\/hu\/wp-content\/uploads\/2023\/08\/Hrad-Marcu-Cestuj-s-detmi-1-1024x768.jpg 1024w, https:\/\/regiongron.sk\/hu\/wp-content\/uploads\/2023\/08\/Hrad-Marcu-Cestuj-s-detmi-1-600x450.jpg 600w, https:\/\/regiongron.sk\/hu\/wp-content\/uploads\/2023\/08\/Hrad-Marcu-Cestuj-s-detmi-1-768x576.jpg 768w, https:\/\/regiongron.sk\/hu\/wp-content\/uploads\/2023\/08\/Hrad-Marcu-Cestuj-s-detmi-1.jpg 1067w\" sizes=\"auto, (max-width: 1024px) 100vw, 1024px\" \/><\/figure>\n<\/figure>\n\n\n\n<p>Okol\u00edm v\u0161ak vedie nieko\u013eko <strong><a href=\"https:\/\/regiongron.sk\/kam-na-bicykli-zo-sklenych-teplic\/\" data-type=\"link\" data-id=\"https:\/\/regiongron.sk\/kam-na-bicykli-zo-sklenych-teplic\/\">cyklotr\u00e1s<\/a><\/strong> i <strong><a href=\"https:\/\/regiongron.sk\/turisticka-a-cykloturisticka-mapa-spoznaj-stredne-pohronie\/\" data-type=\"link\" data-id=\"https:\/\/regiongron.sk\/turisticka-a-cykloturisticka-mapa-spoznaj-stredne-pohronie\/\">turistick\u00fdch chodn\u00edkov<\/a><\/strong>, preto sa mo\u017eno len pokochajte a jednoducho pokra\u010dujte \u010falej. <\/p>\n\n\n<div class=\"wp-block-image\">\n<figure class=\"aligncenter size-full\"><img loading=\"lazy\" decoding=\"async\" width=\"800\" height=\"600\" src=\"https:\/\/regiongron.sk\/wp-content\/uploads\/2023\/08\/Repiste-2.jpg\" alt=\"\" class=\"wp-image-20301\" srcset=\"https:\/\/regiongron.sk\/hu\/wp-content\/uploads\/2023\/08\/Repiste-2.jpg 800w, https:\/\/regiongron.sk\/hu\/wp-content\/uploads\/2023\/08\/Repiste-2-600x450.jpg 600w, https:\/\/regiongron.sk\/hu\/wp-content\/uploads\/2023\/08\/Repiste-2-768x576.jpg 768w\" sizes=\"auto, (max-width: 800px) 100vw, 800px\" \/><\/figure>\n<\/div>\n\n\n<p><strong><a href=\"https:\/\/regiongron.sk\/zaniknuty-hrad-teplica\/\" data-type=\"post\" data-id=\"15477\">Zaniknut\u00fd hrad Teplica<\/a><\/strong> n\u00e1zvom napoved\u00e1, \u017ee kedysi str\u00e1\u017eil obec Sklen\u00e9 Teplice. Zvy\u0161ky tohto hradu v skuto\u010dne skromnom mno\u017estve sa nach\u00e1dzaj\u00fa nad k\u00fape\u013en\u00fdm meste\u010dkom, no dosta\u0165 sa k nemu d\u00e1 i z obce Repi\u0161te. V\u00fdnimo\u010dn\u00fd je tento hrad aj t\u00fdm, \u017ee kedysi bol s\u00fa\u010das\u0165ou <strong><a href=\"https:\/\/regiongron.sk\/spoznajte-region\/hrady-a-kastiele-na-strednom-pohroni\/\" data-type=\"page\" data-id=\"15398\">Pohronskej hradnej cesty<\/a><\/strong> a hrdo str\u00e1\u017eil prechod z Banskej \u0160tiavnice do Kremnice a k Hronu.<\/p>\n\n\n<div class=\"wp-block-image\">\n<figure class=\"aligncenter size-full\"><img loading=\"lazy\" decoding=\"async\" width=\"1024\" height=\"547\" src=\"https:\/\/regiongron.sk\/wp-content\/uploads\/2023\/02\/mapa-PHC-1024x547.png\" alt=\"mapa-PHC\" class=\"wp-image-14730\" srcset=\"https:\/\/regiongron.sk\/hu\/wp-content\/uploads\/2023\/02\/mapa-PHC-1024x547.png 1024w, https:\/\/regiongron.sk\/hu\/wp-content\/uploads\/2023\/02\/mapa-PHC-1024x547-600x321.png 600w, https:\/\/regiongron.sk\/hu\/wp-content\/uploads\/2023\/02\/mapa-PHC-1024x547-768x410.png 768w\" sizes=\"auto, (max-width: 1024px) 100vw, 1024px\" \/><\/figure>\n<\/div>\n\n\n<p> V s\u00fa\u010dasnosti v\u00e1s m\u00f4\u017ee up\u00fata\u0165 napr\u00edklad po\u010das <strong><a href=\"https:\/\/regiongron.sk\/komentovana-prehliadka-zaniknuty-hrad-teplica\/\" data-type=\"post\" data-id=\"19415\">komentovanej vych\u00e1dzky<\/a><\/strong> s lektorom, ktor\u00fd v\u00e1m r\u00e1d rozpovie jeho pr\u00edbeh. V\u010faka odborn\u00e9mu v\u00fdkladu si tie\u017e budete m\u00f4c\u0165 predstavi\u0165 ako hrad vyzeral \u010di ak\u00e9 legendy o \u0148om koluj\u00fa. <\/p>\n\n\n\n<figure class=\"wp-block-gallery aligncenter has-nested-images columns-2 is-cropped wp-block-gallery-2 is-layout-flex wp-block-gallery-is-layout-flex\">\n<figure class=\"wp-block-image size-large\"><img loading=\"lazy\" decoding=\"async\" width=\"1024\" height=\"563\" data-id=\"17063\" src=\"https:\/\/regiongron.sk\/wp-content\/uploads\/2023\/02\/teplica-1024x563-1.png\" alt=\"zaniknut\u00fd hrad teplica ilustracia\" class=\"wp-image-17063\" srcset=\"https:\/\/regiongron.sk\/hu\/wp-content\/uploads\/2023\/02\/teplica-1024x563-1.png 1024w, https:\/\/regiongron.sk\/hu\/wp-content\/uploads\/2023\/02\/teplica-1024x563-1-600x330.png 600w, https:\/\/regiongron.sk\/hu\/wp-content\/uploads\/2023\/02\/teplica-1024x563-1-768x422.png 768w\" sizes=\"auto, (max-width: 1024px) 100vw, 1024px\" \/><\/figure>\n\n\n\n<figure class=\"wp-block-image size-large\"><img loading=\"lazy\" decoding=\"async\" width=\"1024\" height=\"683\" data-id=\"17071\" src=\"https:\/\/regiongron.sk\/wp-content\/uploads\/2023\/02\/Teplica-cakovsky-resize-5-scaled-1-1024x683.jpg\" alt=\"zaniknut\u00fd hrad teplica\" class=\"wp-image-17071\" srcset=\"https:\/\/regiongron.sk\/hu\/wp-content\/uploads\/2023\/02\/Teplica-cakovsky-resize-5-scaled-1-1024x683.jpg 1024w, https:\/\/regiongron.sk\/hu\/wp-content\/uploads\/2023\/02\/Teplica-cakovsky-resize-5-scaled-1-600x400.jpg 600w, https:\/\/regiongron.sk\/hu\/wp-content\/uploads\/2023\/02\/Teplica-cakovsky-resize-5-scaled-1-768x512.jpg 768w, https:\/\/regiongron.sk\/hu\/wp-content\/uploads\/2023\/02\/Teplica-cakovsky-resize-5-scaled-1-1536x1025.jpg 1536w, https:\/\/regiongron.sk\/hu\/wp-content\/uploads\/2023\/02\/Teplica-cakovsky-resize-5-scaled-1.jpg 2048w\" sizes=\"auto, (max-width: 1024px) 100vw, 1024px\" \/><\/figure>\n\n\n\n<figure class=\"wp-block-image size-large\"><img loading=\"lazy\" decoding=\"async\" width=\"1024\" height=\"768\" data-id=\"20295\" src=\"https:\/\/regiongron.sk\/wp-content\/uploads\/2023\/08\/IMG_20220917_160337-1024x768.jpg\" alt=\"\" class=\"wp-image-20295\" srcset=\"https:\/\/regiongron.sk\/hu\/wp-content\/uploads\/2023\/08\/IMG_20220917_160337-1024x768.jpg 1024w, https:\/\/regiongron.sk\/hu\/wp-content\/uploads\/2023\/08\/IMG_20220917_160337-600x450.jpg 600w, https:\/\/regiongron.sk\/hu\/wp-content\/uploads\/2023\/08\/IMG_20220917_160337-768x576.jpg 768w, https:\/\/regiongron.sk\/hu\/wp-content\/uploads\/2023\/08\/IMG_20220917_160337-1536x1152.jpg 1536w, https:\/\/regiongron.sk\/hu\/wp-content\/uploads\/2023\/08\/IMG_20220917_160337-2048x1536.jpg 2048w, https:\/\/regiongron.sk\/hu\/wp-content\/uploads\/2023\/08\/IMG_20220917_160337-scaled.jpg 2560w\" sizes=\"auto, (max-width: 1024px) 100vw, 1024px\" \/><\/figure>\n\n\n\n<figure class=\"wp-block-image size-large\"><img loading=\"lazy\" decoding=\"async\" width=\"1024\" height=\"768\" data-id=\"20297\" src=\"https:\/\/regiongron.sk\/wp-content\/uploads\/2023\/08\/IMG_20220917_161551-1024x768.jpg\" alt=\"\" class=\"wp-image-20297\" srcset=\"https:\/\/regiongron.sk\/hu\/wp-content\/uploads\/2023\/08\/IMG_20220917_161551-1024x768.jpg 1024w, https:\/\/regiongron.sk\/hu\/wp-content\/uploads\/2023\/08\/IMG_20220917_161551-600x450.jpg 600w, https:\/\/regiongron.sk\/hu\/wp-content\/uploads\/2023\/08\/IMG_20220917_161551-768x576.jpg 768w, https:\/\/regiongron.sk\/hu\/wp-content\/uploads\/2023\/08\/IMG_20220917_161551-1536x1152.jpg 1536w, https:\/\/regiongron.sk\/hu\/wp-content\/uploads\/2023\/08\/IMG_20220917_161551-2048x1536.jpg 2048w, https:\/\/regiongron.sk\/hu\/wp-content\/uploads\/2023\/08\/IMG_20220917_161551-scaled.jpg 2560w\" sizes=\"auto, (max-width: 1024px) 100vw, 1024px\" \/><\/figure>\n\n\n\n<figure class=\"wp-block-image size-large\"><img loading=\"lazy\" decoding=\"async\" width=\"1024\" height=\"683\" data-id=\"17065\" src=\"https:\/\/regiongron.sk\/wp-content\/uploads\/2023\/02\/rsz_hrad_teplica_4-1-scaled-1-1024x683.jpg\" alt=\"zaniknut\u00fd hrad teplica informa\u010dn\u00e1 tabu\u013ea\" class=\"wp-image-17065\" srcset=\"https:\/\/regiongron.sk\/hu\/wp-content\/uploads\/2023\/02\/rsz_hrad_teplica_4-1-scaled-1-1024x683.jpg 1024w, https:\/\/regiongron.sk\/hu\/wp-content\/uploads\/2023\/02\/rsz_hrad_teplica_4-1-scaled-1-600x400.jpg 600w, https:\/\/regiongron.sk\/hu\/wp-content\/uploads\/2023\/02\/rsz_hrad_teplica_4-1-scaled-1-768x512.jpg 768w, https:\/\/regiongron.sk\/hu\/wp-content\/uploads\/2023\/02\/rsz_hrad_teplica_4-1-scaled-1-1536x1025.jpg 1536w, https:\/\/regiongron.sk\/hu\/wp-content\/uploads\/2023\/02\/rsz_hrad_teplica_4-1-scaled-1.jpg 2048w\" sizes=\"auto, (max-width: 1024px) 100vw, 1024px\" \/><\/figure>\n<\/figure>\n\n\n\n<p>Po prech\u00e1dzke na Bimb\u00edz, k hradu Marcus \u010di aj po zdolan\u00ed komentovanej vych\u00e1dzky na hrad Teplica iste dobre padne osvie\u017eenie - vn\u00fatorn\u00e9 i vonkaj\u0161ie. Ob\u010derstvenie v t\u00fdchto form\u00e1ch odpor\u00fa\u010dame absolvova\u0165 v <strong><a href=\"https:\/\/regiongron.sk\/liecebne-termalne-kupele-v-sklenych-tepliciach\/\" data-type=\"post\" data-id=\"15753\">Lie\u010debn\u00fdch term\u00e1lnych k\u00fape\u013eoch Sklen\u00e9 Teplice<\/a><\/strong>, kde sa o v\u00e1s radi postaraj\u00fa v lete i v zime. <\/p>\n\n\n\n<figure class=\"wp-block-gallery aligncenter has-nested-images columns-2 is-cropped wp-block-gallery-3 is-layout-flex wp-block-gallery-is-layout-flex\">\n<figure class=\"wp-block-image size-large\"><img loading=\"lazy\" decoding=\"async\" width=\"1024\" height=\"683\" data-id=\"19130\" src=\"https:\/\/regiongron.sk\/wp-content\/uploads\/2023\/04\/IMG_5361-1024x683.jpg\" alt=\"sklene teplice kupele\" class=\"wp-image-19130\" srcset=\"https:\/\/regiongron.sk\/hu\/wp-content\/uploads\/2023\/04\/IMG_5361-1024x683.jpg 1024w, https:\/\/regiongron.sk\/hu\/wp-content\/uploads\/2023\/04\/IMG_5361-600x400.jpg 600w, https:\/\/regiongron.sk\/hu\/wp-content\/uploads\/2023\/04\/IMG_5361-768x512.jpg 768w, https:\/\/regiongron.sk\/hu\/wp-content\/uploads\/2023\/04\/IMG_5361-1536x1024.jpg 1536w, https:\/\/regiongron.sk\/hu\/wp-content\/uploads\/2023\/04\/IMG_5361-2048x1365.jpg 2048w, https:\/\/regiongron.sk\/hu\/wp-content\/uploads\/2023\/04\/IMG_5361-scaled.jpg 2560w\" sizes=\"auto, (max-width: 1024px) 100vw, 1024px\" \/><\/figure>\n\n\n\n<figure class=\"wp-block-image size-large\"><img loading=\"lazy\" decoding=\"async\" width=\"1024\" height=\"683\" data-id=\"20303\" src=\"https:\/\/regiongron.sk\/wp-content\/uploads\/2023\/08\/IMG_5434-1024x683.jpg\" alt=\"\" class=\"wp-image-20303\" srcset=\"https:\/\/regiongron.sk\/hu\/wp-content\/uploads\/2023\/08\/IMG_5434-1024x683.jpg 1024w, https:\/\/regiongron.sk\/hu\/wp-content\/uploads\/2023\/08\/IMG_5434-600x400.jpg 600w, https:\/\/regiongron.sk\/hu\/wp-content\/uploads\/2023\/08\/IMG_5434-768x512.jpg 768w, https:\/\/regiongron.sk\/hu\/wp-content\/uploads\/2023\/08\/IMG_5434-1536x1024.jpg 1536w, https:\/\/regiongron.sk\/hu\/wp-content\/uploads\/2023\/08\/IMG_5434-2048x1365.jpg 2048w, https:\/\/regiongron.sk\/hu\/wp-content\/uploads\/2023\/08\/IMG_5434-scaled.jpg 2560w\" sizes=\"auto, (max-width: 1024px) 100vw, 1024px\" \/><\/figure>\n\n\n\n<figure class=\"wp-block-image size-large\"><img loading=\"lazy\" decoding=\"async\" width=\"900\" height=\"481\" data-id=\"15939\" src=\"https:\/\/regiongron.sk\/wp-content\/uploads\/2023\/02\/2013-01-03-Sklene-Teplice-den1025zmensene.jpg\" alt=\"k\u00fapele sklen\u00e9 teplice k\u00fape\u013e m\u00e1rie ter\u00e9zie\" class=\"wp-image-15939\" srcset=\"https:\/\/regiongron.sk\/hu\/wp-content\/uploads\/2023\/02\/2013-01-03-Sklene-Teplice-den1025zmensene.jpg 900w, https:\/\/regiongron.sk\/hu\/wp-content\/uploads\/2023\/02\/2013-01-03-Sklene-Teplice-den1025zmensene-600x321.jpg 600w, https:\/\/regiongron.sk\/hu\/wp-content\/uploads\/2023\/02\/2013-01-03-Sklene-Teplice-den1025zmensene-768x410.jpg 768w\" sizes=\"auto, (max-width: 900px) 100vw, 900px\" \/><\/figure>\n\n\n\n<figure class=\"wp-block-image size-large\"><img loading=\"lazy\" decoding=\"async\" width=\"1024\" height=\"683\" data-id=\"17459\" src=\"https:\/\/regiongron.sk\/wp-content\/uploads\/2023\/02\/Kupele-Sklene-Teplice-jaskynny-kupel-Parenica-1-1024x683.jpg\" alt=\"jaskynn\u00fd parn\u00fd k\u00fape\u013e parenica k\u00fapele sklen\u00e9 teplice\" class=\"wp-image-17459\" srcset=\"https:\/\/regiongron.sk\/hu\/wp-content\/uploads\/2023\/02\/Kupele-Sklene-Teplice-jaskynny-kupel-Parenica-1-1024x683.jpg 1024w, https:\/\/regiongron.sk\/hu\/wp-content\/uploads\/2023\/02\/Kupele-Sklene-Teplice-jaskynny-kupel-Parenica-1-600x400.jpg 600w, https:\/\/regiongron.sk\/hu\/wp-content\/uploads\/2023\/02\/Kupele-Sklene-Teplice-jaskynny-kupel-Parenica-1-768x512.jpg 768w, https:\/\/regiongron.sk\/hu\/wp-content\/uploads\/2023\/02\/Kupele-Sklene-Teplice-jaskynny-kupel-Parenica-1-1536x1024.jpg 1536w, https:\/\/regiongron.sk\/hu\/wp-content\/uploads\/2023\/02\/Kupele-Sklene-Teplice-jaskynny-kupel-Parenica-1-2048x1365.jpg 2048w, https:\/\/regiongron.sk\/hu\/wp-content\/uploads\/2023\/02\/Kupele-Sklene-Teplice-jaskynny-kupel-Parenica-1-scaled.jpg 2560w\" sizes=\"auto, (max-width: 1024px) 100vw, 1024px\" \/><\/figure>\n<\/figure>\n\n\n<p><iframe loading=\"lazy\" style=\"border:none\" src=\"https:\/\/sk.frame.mapy.cz\/s\/nuzenutako\" width=\"100%\" height=\"350\" frameborder=\"0\"><\/iframe><\/p>\n\n\n\n\n","protected":false},"excerpt":{"rendered":"<p>O tom, \u017ee \u0160tiavnick\u00e9 vrchy s\u00fa v\u00fdnimo\u010dn\u00fdm pohor\u00edm a kusom na\u0161ej krajiny, v\u00e1s presvied\u010da\u0165 asi nemus\u00edme. No tieto lesy z\u00e1rove\u0148 ukr\u00fdvaj\u00fa unik\u00e1ty, o ktor\u00fdch ste mo\u017eno e\u0161te nepo\u010duli! Dvojkr\u00ed\u017e na vrchole kopca, rozpr\u00e1vkov\u00fd z\u00e1mo\u010dek \u010di zvy\u0161ky zaniknut\u00e9ho hradu. Vrav\u00edte si, \u017ee to predsa nie je ni\u010d nezvy\u010dajn\u00e9? Tak sa na to spolo\u010dne pozrime, vitajte v [&hellip;]<\/p>\n","protected":false},"author":2,"featured_media":20336,"comment_status":"open","ping_status":"open","sticky":false,"template":"","format":"standard","meta":{"_acf_changed":false,"inline_featured_image":false,"_uag_custom_page_level_css":"","footnotes":""},"categories":[56],"tags":[],"class_list":["post-20276","post","type-post","status-publish","format-standard","has-post-thumbnail","hentry","category-huska-gronka"],"acf":[],"uagb_featured_image_src":{"full":["https:\/\/regiongron.sk\/hu\/wp-content\/uploads\/2023\/08\/FIHA-ASI-IDEM-PRESKUMAT-CO-ESTE-MAJU-V-REPISTI-1.jpg",1200,1200,false],"thumbnail":["https:\/\/regiongron.sk\/hu\/wp-content\/uploads\/2023\/08\/FIHA-ASI-IDEM-PRESKUMAT-CO-ESTE-MAJU-V-REPISTI-1-400x400.jpg",400,400,true],"medium":["https:\/\/regiongron.sk\/hu\/wp-content\/uploads\/2023\/08\/FIHA-ASI-IDEM-PRESKUMAT-CO-ESTE-MAJU-V-REPISTI-1-600x600.jpg",600,600,true],"medium_large":["https:\/\/regiongron.sk\/hu\/wp-content\/uploads\/2023\/08\/FIHA-ASI-IDEM-PRESKUMAT-CO-ESTE-MAJU-V-REPISTI-1-768x768.jpg",768,768,true],"large":["https:\/\/regiongron.sk\/hu\/wp-content\/uploads\/2023\/08\/FIHA-ASI-IDEM-PRESKUMAT-CO-ESTE-MAJU-V-REPISTI-1-1024x1024.jpg",1024,1024,true],"1536x1536":["https:\/\/regiongron.sk\/hu\/wp-content\/uploads\/2023\/08\/FIHA-ASI-IDEM-PRESKUMAT-CO-ESTE-MAJU-V-REPISTI-1.jpg",1200,1200,false],"2048x2048":["https:\/\/regiongron.sk\/hu\/wp-content\/uploads\/2023\/08\/FIHA-ASI-IDEM-PRESKUMAT-CO-ESTE-MAJU-V-REPISTI-1.jpg",1200,1200,false]},"uagb_author_info":{"display_name":"regiongron","author_link":"https:\/\/regiongron.sk\/hu\/author\/regiongron\/"},"uagb_comment_info":0,"uagb_excerpt":"O tom, \u017ee \u0160tiavnick\u00e9 vrchy s\u00fa v\u00fdnimo\u010dn\u00fdm pohor\u00edm a kusom na\u0161ej krajiny, v\u00e1s presvied\u010da\u0165 asi nemus\u00edme. No tieto lesy z\u00e1rove\u0148 ukr\u00fdvaj\u00fa unik\u00e1ty, o ktor\u00fdch ste mo\u017eno e\u0161te nepo\u010duli! Dvojkr\u00ed\u017e na vrchole kopca, rozpr\u00e1vkov\u00fd z\u00e1mo\u010dek \u010di zvy\u0161ky zaniknut\u00e9ho hradu. Vrav\u00edte si, \u017ee to predsa nie je ni\u010d nezvy\u010dajn\u00e9? Tak sa na to spolo\u010dne pozrime, vitajte v&hellip;","_links":{"self":[{"href":"https:\/\/regiongron.sk\/hu\/wp-json\/wp\/v2\/posts\/20276","targetHints":{"allow":["GET"]}}],"collection":[{"href":"https:\/\/regiongron.sk\/hu\/wp-json\/wp\/v2\/posts"}],"about":[{"href":"https:\/\/regiongron.sk\/hu\/wp-json\/wp\/v2\/types\/post"}],"author":[{"embeddable":true,"href":"https:\/\/regiongron.sk\/hu\/wp-json\/wp\/v2\/users\/2"}],"replies":[{"embeddable":true,"href":"https:\/\/regiongron.sk\/hu\/wp-json\/wp\/v2\/comments?post=20276"}],"version-history":[{"count":10,"href":"https:\/\/regiongron.sk\/hu\/wp-json\/wp\/v2\/posts\/20276\/revisions"}],"predecessor-version":[{"id":20330,"href":"https:\/\/regiongron.sk\/hu\/wp-json\/wp\/v2\/posts\/20276\/revisions\/20330"}],"wp:featuredmedia":[{"embeddable":true,"href":"https:\/\/regiongron.sk\/hu\/wp-json\/wp\/v2\/media\/20336"}],"wp:attachment":[{"href":"https:\/\/regiongron.sk\/hu\/wp-json\/wp\/v2\/media?parent=20276"}],"wp:term":[{"taxonomy":"category","embeddable":true,"href":"https:\/\/regiongron.sk\/hu\/wp-json\/wp\/v2\/categories?post=20276"},{"taxonomy":"post_tag","embeddable":true,"href":"https:\/\/regiongron.sk\/hu\/wp-json\/wp\/v2\/tags?post=20276"}],"curies":[{"name":"wp","href":"https:\/\/api.w.org\/{rel}","templated":true}]}}