{"id":21411,"date":"2024-03-26T15:11:13","date_gmt":"2024-03-26T14:11:13","guid":{"rendered":"https:\/\/regiongron.sk\/?p=21411"},"modified":"2025-02-04T14:09:24","modified_gmt":"2025-02-04T13:09:24","slug":"nocne-reviste-prehliadka-s-lunalonom-2024","status":"publish","type":"post","link":"https:\/\/regiongron.sk\/hu\/nocne-reviste-prehliadka-s-lunalonom-2024\/","title":{"rendered":"NO\u010cN\u00c9 REVI\u0160TE \u2013 PREHLIADKA S LUNAL\u00d3NOM, 7.9.2024"},"content":{"rendered":"\n<figure class=\"wp-block-video aligncenter\"><video height=\"1080\" style=\"aspect-ratio: 1920 \/ 1080;\" width=\"1920\" controls src=\"https:\/\/regiongron.sk\/wp-content\/uploads\/2024\/03\/DJI_0804.mp4\"><\/video><\/figure>\n\n\n\n<p>Ponorte sa do hist\u00f3rie a objavte pr\u00edbehy a legendy skryt\u00e9 za hradn\u00fdmi m\u00farmi hradu Revi\u0161te. Spoznajte no\u010dn\u00fa hviezdnu oblohu priamo na hrade a spolu s hvezd\u00e1rmi odha\u013ete jej tajomstv\u00e1. Pod hradom v\u00e1m na cestu bude svieti\u0165 model mesiaca Lunal\u00f3n.<\/p>\n\n\n<div class=\"wp-block-image\">\n<figure class=\"aligncenter size-large\"><img loading=\"lazy\" decoding=\"async\" width=\"1024\" height=\"683\" src=\"https:\/\/regiongron.sk\/wp-content\/uploads\/2024\/03\/titulka-na-web-2-1024x683.jpg\" alt=\"\" class=\"wp-image-21536\" srcset=\"https:\/\/regiongron.sk\/hu\/wp-content\/uploads\/2024\/03\/titulka-na-web-2-1024x683.jpg 1024w, https:\/\/regiongron.sk\/hu\/wp-content\/uploads\/2024\/03\/titulka-na-web-2-600x400.jpg 600w, https:\/\/regiongron.sk\/hu\/wp-content\/uploads\/2024\/03\/titulka-na-web-2-768x512.jpg 768w, https:\/\/regiongron.sk\/hu\/wp-content\/uploads\/2024\/03\/titulka-na-web-2-1536x1024.jpg 1536w, https:\/\/regiongron.sk\/hu\/wp-content\/uploads\/2024\/03\/titulka-na-web-2-2048x1365.jpg 2048w, https:\/\/regiongron.sk\/hu\/wp-content\/uploads\/2024\/03\/titulka-na-web-2-scaled.jpg 2560w\" sizes=\"auto, (max-width: 1024px) 100vw, 1024px\" \/><\/figure>\n<\/div>\n\n\n<p><\/p>\n\n\n\n<div class=\"wp-block-uagb-buttons uagb-buttons__outer-wrap uagb-btn__default-btn uagb-btn-tablet__default-btn uagb-btn-mobile__default-btn uagb-block-21fed8e0\"><div class=\"uagb-buttons__wrap uagb-buttons-layout-wrap \">\n<div class=\"wp-block-uagb-buttons-child uagb-buttons__outer-wrap uagb-block-48c0b1be wp-block-button\"><div class=\"uagb-button__wrapper\"><a class=\"uagb-buttons-repeater wp-block-button__link\" aria-label=\"\" href=\"https:\/\/zazitky.zahoramizadolami.sk\/sk\/nocne-reviste\" rel=\"follow noopener\" target=\"_blank\" role=\"button\"><div class=\"uagb-button__link\">K\u00daPI\u0164 L\u00cdSTOK TU<\/div><\/a><\/div><\/div>\n<\/div><\/div>\n\n\n\n<p><\/p>\n\n\n\n<p>Vydajte sa spozn\u00e1va\u0165 dejiny hradu Revi\u0161te, ktor\u00fdmi v\u00e1s prevedie s\u00e1m hradn\u00fd p\u00e1n Ratibor Maz\u00far. Prehliadka za\u010dne rovno za vstupnou br\u00e1nou a postupne sa prejdete po v\u0161etk\u00fdch dostupn\u00fdch miestnostiach. Od severnej ve\u017ee, cez delov\u00fa ba\u0161tu, a\u017e po novo zrekon\u0161truovan\u00e9 hradn\u00e9 pivnice.<\/p>\n\n\n<div class=\"wp-block-image\">\n<figure class=\"aligncenter size-full\"><img loading=\"lazy\" decoding=\"async\" width=\"2560\" height=\"1707\" src=\"https:\/\/regiongron.sk\/wp-content\/uploads\/2023\/07\/prva-moznost-foto-gm-1-1-scaled.jpg\" alt=\"\" class=\"wp-image-19778\" srcset=\"https:\/\/regiongron.sk\/hu\/wp-content\/uploads\/2023\/07\/prva-moznost-foto-gm-1-1-scaled.jpg 2560w, https:\/\/regiongron.sk\/hu\/wp-content\/uploads\/2023\/07\/prva-moznost-foto-gm-1-1-600x400.jpg 600w, https:\/\/regiongron.sk\/hu\/wp-content\/uploads\/2023\/07\/prva-moznost-foto-gm-1-1-1024x683.jpg 1024w, https:\/\/regiongron.sk\/hu\/wp-content\/uploads\/2023\/07\/prva-moznost-foto-gm-1-1-768x512.jpg 768w, https:\/\/regiongron.sk\/hu\/wp-content\/uploads\/2023\/07\/prva-moznost-foto-gm-1-1-1536x1024.jpg 1536w, https:\/\/regiongron.sk\/hu\/wp-content\/uploads\/2023\/07\/prva-moznost-foto-gm-1-1-2048x1365.jpg 2048w\" sizes=\"auto, (max-width: 2560px) 100vw, 2560px\" \/><\/figure>\n<\/div>\n\n\n<figure class=\"wp-block-gallery aligncenter has-nested-images columns-2 is-cropped wp-block-gallery-1 is-layout-flex wp-block-gallery-is-layout-flex\">\n<figure class=\"wp-block-image size-full\"><img loading=\"lazy\" decoding=\"async\" width=\"2560\" height=\"1920\" data-id=\"19705\" src=\"https:\/\/regiongron.sk\/wp-content\/uploads\/2023\/06\/veza-reviste-na-sirku-scaled.jpg\" alt=\"veza-reviste\" class=\"wp-image-19705\" srcset=\"https:\/\/regiongron.sk\/hu\/wp-content\/uploads\/2023\/06\/veza-reviste-na-sirku-scaled.jpg 2560w, https:\/\/regiongron.sk\/hu\/wp-content\/uploads\/2023\/06\/veza-reviste-na-sirku-600x450.jpg 600w, https:\/\/regiongron.sk\/hu\/wp-content\/uploads\/2023\/06\/veza-reviste-na-sirku-1024x768.jpg 1024w, https:\/\/regiongron.sk\/hu\/wp-content\/uploads\/2023\/06\/veza-reviste-na-sirku-768x576.jpg 768w, https:\/\/regiongron.sk\/hu\/wp-content\/uploads\/2023\/06\/veza-reviste-na-sirku-1536x1152.jpg 1536w, https:\/\/regiongron.sk\/hu\/wp-content\/uploads\/2023\/06\/veza-reviste-na-sirku-2048x1536.jpg 2048w\" sizes=\"auto, (max-width: 2560px) 100vw, 2560px\" \/><\/figure>\n\n\n\n<figure class=\"wp-block-image size-full\"><img loading=\"lazy\" decoding=\"async\" width=\"2560\" height=\"1707\" data-id=\"19776\" src=\"https:\/\/regiongron.sk\/wp-content\/uploads\/2023\/07\/DSCF2138-scaled.jpg\" alt=\"\" class=\"wp-image-19776\" srcset=\"https:\/\/regiongron.sk\/hu\/wp-content\/uploads\/2023\/07\/DSCF2138-scaled.jpg 2560w, https:\/\/regiongron.sk\/hu\/wp-content\/uploads\/2023\/07\/DSCF2138-600x400.jpg 600w, https:\/\/regiongron.sk\/hu\/wp-content\/uploads\/2023\/07\/DSCF2138-1024x683.jpg 1024w, https:\/\/regiongron.sk\/hu\/wp-content\/uploads\/2023\/07\/DSCF2138-768x512.jpg 768w, https:\/\/regiongron.sk\/hu\/wp-content\/uploads\/2023\/07\/DSCF2138-1536x1024.jpg 1536w, https:\/\/regiongron.sk\/hu\/wp-content\/uploads\/2023\/07\/DSCF2138-2048x1365.jpg 2048w\" sizes=\"auto, (max-width: 2560px) 100vw, 2560px\" \/><\/figure>\n\n\n\n<figure class=\"wp-block-image size-full\"><img loading=\"lazy\" decoding=\"async\" width=\"2560\" height=\"1707\" data-id=\"21532\" src=\"https:\/\/regiongron.sk\/wp-content\/uploads\/2024\/03\/Letny-vecer-na-hrade-Reviste-2023-4-scaled.jpg\" alt=\"\" class=\"wp-image-21532\" srcset=\"https:\/\/regiongron.sk\/hu\/wp-content\/uploads\/2024\/03\/Letny-vecer-na-hrade-Reviste-2023-4-scaled.jpg 2560w, https:\/\/regiongron.sk\/hu\/wp-content\/uploads\/2024\/03\/Letny-vecer-na-hrade-Reviste-2023-4-600x400.jpg 600w, https:\/\/regiongron.sk\/hu\/wp-content\/uploads\/2024\/03\/Letny-vecer-na-hrade-Reviste-2023-4-1024x683.jpg 1024w, https:\/\/regiongron.sk\/hu\/wp-content\/uploads\/2024\/03\/Letny-vecer-na-hrade-Reviste-2023-4-768x512.jpg 768w, https:\/\/regiongron.sk\/hu\/wp-content\/uploads\/2024\/03\/Letny-vecer-na-hrade-Reviste-2023-4-1536x1024.jpg 1536w, https:\/\/regiongron.sk\/hu\/wp-content\/uploads\/2024\/03\/Letny-vecer-na-hrade-Reviste-2023-4-2048x1365.jpg 2048w\" sizes=\"auto, (max-width: 2560px) 100vw, 2560px\" \/><\/figure>\n\n\n\n<figure class=\"wp-block-image size-full\"><img loading=\"lazy\" decoding=\"async\" width=\"1063\" height=\"702\" data-id=\"19777\" src=\"https:\/\/regiongron.sk\/wp-content\/uploads\/2023\/07\/Glgac-Reviste-2022-12.jpg\" alt=\"\" class=\"wp-image-19777\" srcset=\"https:\/\/regiongron.sk\/hu\/wp-content\/uploads\/2023\/07\/Glgac-Reviste-2022-12.jpg 1063w, https:\/\/regiongron.sk\/hu\/wp-content\/uploads\/2023\/07\/Glgac-Reviste-2022-12-600x396.jpg 600w, https:\/\/regiongron.sk\/hu\/wp-content\/uploads\/2023\/07\/Glgac-Reviste-2022-12-1024x676.jpg 1024w, https:\/\/regiongron.sk\/hu\/wp-content\/uploads\/2023\/07\/Glgac-Reviste-2022-12-768x507.jpg 768w\" sizes=\"auto, (max-width: 1063px) 100vw, 1063px\" \/><\/figure>\n<\/figure>\n\n\n\n<p>Na l\u00fake pod hradom Revi\u0161te bude umiestnen\u00fd Lunal\u00f3n \u2013 6 metrov vysok\u00fd podsvieten\u00fd model Mesiaca, ktor\u00fd vytvor\u00ed jedine\u010dn\u00fa scen\u00e9riu a hvezd\u00e1r v\u00e1m o \u0148om povie r\u00f4zne zauj\u00edmav\u00e9 inform\u00e1cie.<\/p>\n\n\n\n<p>Priamo na hrade v\u00e1s bude \u010daka\u0165 profesion\u00e1lny \u010falekoh\u013ead a hvezd\u00e1r, s ktor\u00fdm sa pozriete na no\u010dn\u00fa oblohu, objav\u00edte hmloviny, hviezdy, plan\u00e9ty a ich z\u00e1hady.<\/p>\n\n\n<div class=\"wp-block-image\">\n<figure class=\"aligncenter size-large\"><img loading=\"lazy\" decoding=\"async\" width=\"1024\" height=\"683\" src=\"https:\/\/regiongron.sk\/wp-content\/uploads\/2024\/03\/2023_07_22_Reviste_06-1024x683.jpg\" alt=\"\" class=\"wp-image-21535\" srcset=\"https:\/\/regiongron.sk\/hu\/wp-content\/uploads\/2024\/03\/2023_07_22_Reviste_06-1024x683.jpg 1024w, https:\/\/regiongron.sk\/hu\/wp-content\/uploads\/2024\/03\/2023_07_22_Reviste_06-600x400.jpg 600w, https:\/\/regiongron.sk\/hu\/wp-content\/uploads\/2024\/03\/2023_07_22_Reviste_06-768x512.jpg 768w, https:\/\/regiongron.sk\/hu\/wp-content\/uploads\/2024\/03\/2023_07_22_Reviste_06-1536x1024.jpg 1536w, https:\/\/regiongron.sk\/hu\/wp-content\/uploads\/2024\/03\/2023_07_22_Reviste_06-2048x1365.jpg 2048w, https:\/\/regiongron.sk\/hu\/wp-content\/uploads\/2024\/03\/2023_07_22_Reviste_06-scaled.jpg 2560w\" sizes=\"auto, (max-width: 1024px) 100vw, 1024px\" \/><\/figure>\n<\/div>\n\n\n<p><strong>TERM\u00cdN A PROGRAM pozorovania no\u010dnej oblohy:<\/strong><\/p>\n\n\n\n<ul class=\"wp-block-list\">\n<li>27.7.2024, 20:30 \u2013 pozorovanie no\u010dnej oblohy orient\u00e1cia medzi letn\u00fdmi s\u00fahvezdiami, pozorovanie objektov letnej oblohy&nbsp;<\/li>\n\n\n\n<li><strong>7.9.2024, 19:30 <\/strong>\u2013 pozorovanie Mesiaca,&nbsp;plan\u00e9ty Saturn, orient\u00e1cia medzi letn\u00fdmi s\u00fahvezdiami a&nbsp;pozorovanie&nbsp;objektov letnej oblohy&nbsp;<\/li>\n<\/ul>\n\n\n\n<p>Program je vhodn\u00fd pre organizovan\u00e9 skupiny, ale aj jednotlivcov. Prehliadky s\u00fa ur\u010den\u00e9 \u0161irokej verejnosti, ale s\u00fa vhodn\u00e9 aj pre rodiny s de\u0165mi (od 10 rokov).<\/p>\n\n\n\n<p><strong>DOBA TRVANIA: <\/strong>pribli\u017ene 3 hodiny<\/p>\n\n\n\n<p><strong>CENA Z\u00c1\u017dITKU:&nbsp;<\/strong>15\u20ac \/ osoba<\/p>\n\n\n\n<p>Odpor\u00fa\u010dame si&nbsp;<strong>rezervova\u0165 vstupenku<\/strong>&nbsp;na ni\u017e\u0161ie uvedenej str\u00e1nke. Je v\u0161ak mo\u017en\u00e9 pr\u00eds\u0165 aj priamo na miesto bez rezerv\u00e1cie.<\/p>\n\n\n\n<p><strong>REZERV\u00c1CIA VSTUPENIEK:<\/strong> <strong> <a href=\"https:\/\/zazitky.zahoramizadolami.sk\/sk\/nocne-reviste\" data-type=\"link\" data-id=\"https:\/\/zazitky.zahoramizadolami.sk\/sk\/zazitkyhttps:\/\/zazitky.zahoramizadolami.sk\/sk\/nocne-reviste\" target=\"_blank\" rel=\"noreferrer noopener\">www.zahoramizadolami.sk<\/a><\/strong> alebo priamo na mieste.<\/p>\n\n\n\n<p><strong>ORGANIZA\u010cN\u00c9 POKYNY:<\/strong><\/p>\n\n\n\n<ul class=\"wp-block-list\">\n<li><strong>Miesto stretnutia:&nbsp;<\/strong>priamo na hrade<\/li>\n\n\n\n<li><strong>Doprava:&nbsp;<\/strong>k hradu je doprava individu\u00e1lna.<\/li>\n\n\n\n<li><strong>Parkovanie:&nbsp;<\/strong>na hornom parkovisku pod hradom. Z parkoviska je to&nbsp;<strong>10 min<\/strong>&nbsp;ch\u00f4dze nen\u00e1ro\u010dnou lesnou cestou. <\/li>\n<\/ul>\n\n\n\n<p><strong>UPOZORNENIE:&nbsp;<\/strong>Nevhodn\u00e9 pre deti do 10 rokov.<\/p>\n\n\n\n<ul class=\"wp-block-list\">\n<li>V pr\u00edpade nepriazniv\u00e9ho po\u010dasia sa prehliadka a pozorovanie no\u010dnej oblohy ru\u0161\u00ed a uskuto\u010dn\u00ed sa v n\u00e1hradnom term\u00edne.<\/li>\n\n\n\n<li>Je potrebn\u00e9 prinies\u0165 si pevn\u00fa obuv a vhodn\u00e9 oble\u010denie aj do nepriazniv\u00e9ho po\u010dasia.<\/li>\n\n\n\n<li>Nezabudnite na \u010delovku.<\/li>\n<\/ul>\n\n\n<p><iframe loading=\"lazy\" style=\"border:none\" src=\"https:\/\/sk.frame.mapy.cz\/s\/gujapufate\" width=\"100%\" height=\"350\" frameborder=\"0\"><\/iframe><\/p>\n\n\n\n<p>Marketingov\u00e9 aktivity OOCR Regi\u00f3n GRON s\u00fa realizovan\u00e9 s finan\u010dnou podporou&nbsp;<a href=\"https:\/\/www.mincrs.sk\"><strong>Ministerstva cestovn\u00e9ho ruchu a \u0161portu Slovenskej republiky<\/strong><\/a>.<\/p>\n\n\n\n<figure class=\"wp-block-image size-large is-resized\"><img loading=\"lazy\" decoding=\"async\" width=\"1024\" height=\"410\" src=\"https:\/\/regiongron.sk\/wp-content\/uploads\/2024\/03\/Ministerstvo_cestovneho-ruchu-a-sportu_SR_SK_Farebne-1-1024x410.png\" alt=\"\" class=\"wp-image-21413\" style=\"width:250px\" srcset=\"https:\/\/regiongron.sk\/hu\/wp-content\/uploads\/2024\/03\/Ministerstvo_cestovneho-ruchu-a-sportu_SR_SK_Farebne-1-1024x410.png 1024w, https:\/\/regiongron.sk\/hu\/wp-content\/uploads\/2024\/03\/Ministerstvo_cestovneho-ruchu-a-sportu_SR_SK_Farebne-1-600x240.png 600w, https:\/\/regiongron.sk\/hu\/wp-content\/uploads\/2024\/03\/Ministerstvo_cestovneho-ruchu-a-sportu_SR_SK_Farebne-1-768x307.png 768w, https:\/\/regiongron.sk\/hu\/wp-content\/uploads\/2024\/03\/Ministerstvo_cestovneho-ruchu-a-sportu_SR_SK_Farebne-1-1536x615.png 1536w, https:\/\/regiongron.sk\/hu\/wp-content\/uploads\/2024\/03\/Ministerstvo_cestovneho-ruchu-a-sportu_SR_SK_Farebne-1-2048x820.png 2048w, https:\/\/regiongron.sk\/hu\/wp-content\/uploads\/2024\/03\/Ministerstvo_cestovneho-ruchu-a-sportu_SR_SK_Farebne-1.png 2953w\" sizes=\"auto, (max-width: 1024px) 100vw, 1024px\" \/><\/figure>\n","protected":false},"excerpt":{"rendered":"<p>Ponorte sa do hist\u00f3rie a objavte pr\u00edbehy a legendy skryt\u00e9 za hradn\u00fdmi m\u00farmi hradu Revi\u0161te. Spoznajte no\u010dn\u00fa hviezdnu oblohu priamo na hrade a spolu s hvezd\u00e1rmi odha\u013ete jej tajomstv\u00e1. Pod hradom v\u00e1m na cestu bude svieti\u0165 model mesiaca Lunal\u00f3n. Vydajte sa spozn\u00e1va\u0165 dejiny hradu Revi\u0161te, ktor\u00fdmi v\u00e1s prevedie s\u00e1m hradn\u00fd p\u00e1n Ratibor Maz\u00far. Prehliadka za\u010dne [&hellip;]<\/p>\n","protected":false},"author":2,"featured_media":21537,"comment_status":"open","ping_status":"open","sticky":false,"template":"","format":"standard","meta":{"_acf_changed":false,"inline_featured_image":false,"_uag_custom_page_level_css":"","footnotes":""},"categories":[45],"tags":[],"class_list":["post-21411","post","type-post","status-publish","format-standard","has-post-thumbnail","hentry","category-rezervuj-si-zazitok"],"acf":[],"uagb_featured_image_src":{"full":["https:\/\/regiongron.sk\/hu\/wp-content\/uploads\/2024\/03\/titulka-na-web-3-scaled.jpg",2560,1707,false],"thumbnail":["https:\/\/regiongron.sk\/hu\/wp-content\/uploads\/2024\/03\/titulka-na-web-3-400x400.jpg",400,400,true],"medium":["https:\/\/regiongron.sk\/hu\/wp-content\/uploads\/2024\/03\/titulka-na-web-3-600x400.jpg",600,400,true],"medium_large":["https:\/\/regiongron.sk\/hu\/wp-content\/uploads\/2024\/03\/titulka-na-web-3-768x512.jpg",768,512,true],"large":["https:\/\/regiongron.sk\/hu\/wp-content\/uploads\/2024\/03\/titulka-na-web-3-1024x683.jpg",1024,683,true],"1536x1536":["https:\/\/regiongron.sk\/hu\/wp-content\/uploads\/2024\/03\/titulka-na-web-3-1536x1024.jpg",1536,1024,true],"2048x2048":["https:\/\/regiongron.sk\/hu\/wp-content\/uploads\/2024\/03\/titulka-na-web-3-2048x1365.jpg",2048,1365,true]},"uagb_author_info":{"display_name":"regiongron","author_link":"https:\/\/regiongron.sk\/hu\/author\/regiongron\/"},"uagb_comment_info":0,"uagb_excerpt":"Ponorte sa do hist\u00f3rie a objavte pr\u00edbehy a legendy skryt\u00e9 za hradn\u00fdmi m\u00farmi hradu Revi\u0161te. Spoznajte no\u010dn\u00fa hviezdnu oblohu priamo na hrade a spolu s hvezd\u00e1rmi odha\u013ete jej tajomstv\u00e1. Pod hradom v\u00e1m na cestu bude svieti\u0165 model mesiaca Lunal\u00f3n. Vydajte sa spozn\u00e1va\u0165 dejiny hradu Revi\u0161te, ktor\u00fdmi v\u00e1s prevedie s\u00e1m hradn\u00fd p\u00e1n Ratibor Maz\u00far. Prehliadka za\u010dne&hellip;","_links":{"self":[{"href":"https:\/\/regiongron.sk\/hu\/wp-json\/wp\/v2\/posts\/21411","targetHints":{"allow":["GET"]}}],"collection":[{"href":"https:\/\/regiongron.sk\/hu\/wp-json\/wp\/v2\/posts"}],"about":[{"href":"https:\/\/regiongron.sk\/hu\/wp-json\/wp\/v2\/types\/post"}],"author":[{"embeddable":true,"href":"https:\/\/regiongron.sk\/hu\/wp-json\/wp\/v2\/users\/2"}],"replies":[{"embeddable":true,"href":"https:\/\/regiongron.sk\/hu\/wp-json\/wp\/v2\/comments?post=21411"}],"version-history":[{"count":16,"href":"https:\/\/regiongron.sk\/hu\/wp-json\/wp\/v2\/posts\/21411\/revisions"}],"predecessor-version":[{"id":23660,"href":"https:\/\/regiongron.sk\/hu\/wp-json\/wp\/v2\/posts\/21411\/revisions\/23660"}],"wp:featuredmedia":[{"embeddable":true,"href":"https:\/\/regiongron.sk\/hu\/wp-json\/wp\/v2\/media\/21537"}],"wp:attachment":[{"href":"https:\/\/regiongron.sk\/hu\/wp-json\/wp\/v2\/media?parent=21411"}],"wp:term":[{"taxonomy":"category","embeddable":true,"href":"https:\/\/regiongron.sk\/hu\/wp-json\/wp\/v2\/categories?post=21411"},{"taxonomy":"post_tag","embeddable":true,"href":"https:\/\/regiongron.sk\/hu\/wp-json\/wp\/v2\/tags?post=21411"}],"curies":[{"name":"wp","href":"https:\/\/api.w.org\/{rel}","templated":true}]}}