{"id":524,"date":"2016-12-12T17:45:42","date_gmt":"2016-12-12T15:45:42","guid":{"rendered":"http:\/\/regiongron.sk\/?p=524"},"modified":"2025-03-27T23:52:24","modified_gmt":"2025-03-27T22:52:24","slug":"hrad-reviste","status":"publish","type":"post","link":"https:\/\/regiongron.sk\/hu\/hrad-reviste\/","title":{"rendered":"Revistye v\u00e1ra, \u017darnovica"},"content":{"rendered":"<div class=\"wp-block-image\">\n<figure class=\"aligncenter\"><a  href=\"https:\/\/regiongron.sk\/wp-content\/uploads\/2020\/01\/reviste-pavel-albert-2-scaled.jpg\" data-rel=\"lightbox-gallery-0\" data-rl_title=\"\" data-rl_caption=\"\" title=\"\"><img decoding=\"async\" src=\"https:\/\/regiongron.sk\/wp-content\/uploads\/2023\/02\/reviste-pavel-albert-2-1024x607.jpg\" alt=\"hrad revi\u0161te\" class=\"wp-image-11742\"\/><\/a><figcaption class=\"wp-element-caption\">Revistye v\u00e1ra<\/figcaption><\/figure>\n<\/div>\n\n\n<p>K\u00f6z\u00e9p-Szlov\u00e1ki\u00e1ban, a Garam v\u00f6lgye felett, Geletnekt\u0151l (Hlin\u00edk nad Hronom) nem messze, romantikus k\u00f6rnyezetben \u00e1ll a Revistye v\u00e1rrom. A v\u00e1r egy meredek szirten \u00e9p\u00fclt, mely k\u00f6zel 100 m\u00e9terrel magasodik a Garamot k\u00f6r\u00fclvev\u0151 r\u00e9tek f\u00f6l\u00e9. A v\u00e1r alatt gy\u00f6ny\u00f6r\u0171 mez\u0151 ter\u00fcl el, melyet a Garamon t\u00far\u00e1z\u00f3 evez\u0151s\u00f6k el\u0151szeretettel haszn\u00e1lnak t\u0171zrak\u00f3 helyk\u00e9nt.<\/p>\n\n\n\n<p>A v\u00e1r a XIV. sz\u00e1zad elej\u00e9n \u00e9p\u00fclt, a k\u00f6z\u00e9p-szlov\u00e1kiai b\u00e1nyav\u00e1rosok \u00e9s a garami kereskedelmi \u00fat v\u00e9delmi rendszer\u00e9nek r\u00e9szek\u00e9nt. A r\u00e9gebbi g\u00f3tikus r\u00e9szt k\u00e9s\u0151bb renesz\u00e1nsz k\u00fcls\u0151 er\u0151d\u00edtm\u00e9nnyel er\u0151s\u00edtett\u00e9k meg.<\/p>\n\n\n\n<p>1678-ban Th\u00f6k\u00f6ly Imre l\u00e1zad\u00f3 csapatai a v\u00e1rat elfoglalt\u00e1k \u00e9s kifosztott\u00e1k. Az\u00f3ta a v\u00e1r romos, m\u00e1ra csak n\u00e9h\u00e1ny fal maradt meg bel\u0151le. Jelenleg a v\u00e1rban ment\u0151munk\u00e1ltok folynak Sask\u0151 V\u00e1r Megment\u00e9s\u00e9\u00e9rt Egyes\u00fclet&nbsp; vezet\u00e9se alatt.<\/p>\n\n\n\n<p>Forr\u00e1s:\u00a0<a href=\"http:\/\/www.hradreviste.sk\/\">http:\/\/www.hradreviste.sk<\/a><\/p>\n\n\n\n<p>F\u00e9nyk\u00e9p: Pavel Albert<\/p>\n\n\n\t\t\t<div \n\t\t\tclass=\"wp-block-uagb-google-map uagb-google-map__wrap uagb-block-7017549a     \"\n\t\t\tstyle=\"\" >\n\t\t\t\t<embed\n\t\t\t\t\tclass=\"uagb-google-map__iframe\"\n\t\t\t\t\ttitle=\"Google Map for \"\n\t\t\t\t\tsrc=\"https:\/\/maps.google.com\/maps?q=hrad%20revi%C5%A1te&z=12&hl=en&t=m&output=embed&iwloc=near\"\n\t\t\t\t\twidth=\"640\"\n\t\t\t\t\theight=\"350\"\n\t\t\t\t\tloading=\"lazy\"\n\t\t\t\t><\/embed>\n\t\t\t<\/div>\n\t\t\t\n\n\n\n","protected":false},"excerpt":{"rendered":"<p>K\u00f6z\u00e9p-Szlov\u00e1ki\u00e1ban, a Garam v\u00f6lgye felett, Geletnekt\u0151l (Hlin\u00edk nad Hronom) nem messze, romantikus k\u00f6rnyezetben \u00e1ll a Revistye v\u00e1rrom. A v\u00e1r egy meredek szirten \u00e9p\u00fclt, mely k\u00f6zel 100 m\u00e9terrel magasodik a Garamot k\u00f6r\u00fclvev\u0151 r\u00e9tek f\u00f6l\u00e9. A v\u00e1r alatt gy\u00f6ny\u00f6r\u0171 mez\u0151 ter\u00fcl el, melyet a Garamon t\u00far\u00e1z\u00f3 evez\u0151s\u00f6k el\u0151szeretettel haszn\u00e1lnak t\u0171zrak\u00f3 helyk\u00e9nt. A v\u00e1r a XIV. sz\u00e1zad elej\u00e9n [&hellip;]<\/p>\n","protected":false},"author":1,"featured_media":15166,"comment_status":"open","ping_status":"open","sticky":false,"template":"","format":"standard","meta":{"_acf_changed":false,"inline_featured_image":false,"_uag_custom_page_level_css":"","footnotes":""},"categories":[3,31],"tags":[],"class_list":["post-524","post","type-post","status-publish","format-standard","has-post-thumbnail","hentry","category-historicke-pamiatky","category-pohronska-hradna-cesta"],"acf":[],"uagb_featured_image_src":{"full":["https:\/\/regiongron.sk\/hu\/wp-content\/uploads\/2023\/02\/reviste-pavel-albert-2-1024x607.jpg",1024,607,false],"thumbnail":["https:\/\/regiongron.sk\/hu\/wp-content\/uploads\/2023\/02\/reviste-pavel-albert-2-1024x607-400x400.jpg",400,400,true],"medium":["https:\/\/regiongron.sk\/hu\/wp-content\/uploads\/2023\/02\/reviste-pavel-albert-2-1024x607-600x356.jpg",600,356,true],"medium_large":["https:\/\/regiongron.sk\/hu\/wp-content\/uploads\/2023\/02\/reviste-pavel-albert-2-1024x607-768x455.jpg",768,455,true],"large":["https:\/\/regiongron.sk\/hu\/wp-content\/uploads\/2023\/02\/reviste-pavel-albert-2-1024x607.jpg",1024,607,false],"1536x1536":["https:\/\/regiongron.sk\/hu\/wp-content\/uploads\/2023\/02\/reviste-pavel-albert-2-1024x607.jpg",1024,607,false],"2048x2048":["https:\/\/regiongron.sk\/hu\/wp-content\/uploads\/2023\/02\/reviste-pavel-albert-2-1024x607.jpg",1024,607,false]},"uagb_author_info":{"display_name":"schnicel","author_link":"https:\/\/regiongron.sk\/hu\/author\/schnicel\/"},"uagb_comment_info":0,"uagb_excerpt":"K\u00f6z\u00e9p-Szlov\u00e1ki\u00e1ban, a Garam v\u00f6lgye felett, Geletnekt\u0151l (Hlin\u00edk nad Hronom) nem messze, romantikus k\u00f6rnyezetben \u00e1ll a Revistye v\u00e1rrom. A v\u00e1r egy meredek szirten \u00e9p\u00fclt, mely k\u00f6zel 100 m\u00e9terrel magasodik a Garamot k\u00f6r\u00fclvev\u0151 r\u00e9tek f\u00f6l\u00e9. A v\u00e1r alatt gy\u00f6ny\u00f6r\u0171 mez\u0151 ter\u00fcl el, melyet a Garamon t\u00far\u00e1z\u00f3 evez\u0151s\u00f6k el\u0151szeretettel haszn\u00e1lnak t\u0171zrak\u00f3 helyk\u00e9nt. A v\u00e1r a XIV. sz\u00e1zad elej\u00e9n&hellip;","_links":{"self":[{"href":"https:\/\/regiongron.sk\/hu\/wp-json\/wp\/v2\/posts\/524","targetHints":{"allow":["GET"]}}],"collection":[{"href":"https:\/\/regiongron.sk\/hu\/wp-json\/wp\/v2\/posts"}],"about":[{"href":"https:\/\/regiongron.sk\/hu\/wp-json\/wp\/v2\/types\/post"}],"author":[{"embeddable":true,"href":"https:\/\/regiongron.sk\/hu\/wp-json\/wp\/v2\/users\/1"}],"replies":[{"embeddable":true,"href":"https:\/\/regiongron.sk\/hu\/wp-json\/wp\/v2\/comments?post=524"}],"version-history":[{"count":10,"href":"https:\/\/regiongron.sk\/hu\/wp-json\/wp\/v2\/posts\/524\/revisions"}],"predecessor-version":[{"id":24083,"href":"https:\/\/regiongron.sk\/hu\/wp-json\/wp\/v2\/posts\/524\/revisions\/24083"}],"wp:featuredmedia":[{"embeddable":true,"href":"https:\/\/regiongron.sk\/hu\/wp-json\/wp\/v2\/media\/15166"}],"wp:attachment":[{"href":"https:\/\/regiongron.sk\/hu\/wp-json\/wp\/v2\/media?parent=524"}],"wp:term":[{"taxonomy":"category","embeddable":true,"href":"https:\/\/regiongron.sk\/hu\/wp-json\/wp\/v2\/categories?post=524"},{"taxonomy":"post_tag","embeddable":true,"href":"https:\/\/regiongron.sk\/hu\/wp-json\/wp\/v2\/tags?post=524"}],"curies":[{"name":"wp","href":"https:\/\/api.w.org\/{rel}","templated":true}]}}