{"id":588,"date":"2016-12-12T19:23:18","date_gmt":"2016-12-12T17:23:18","guid":{"rendered":"http:\/\/regiongron.sk\/?p=588"},"modified":"2023-03-14T18:20:03","modified_gmt":"2023-03-14T17:20:03","slug":"ludova-drevenica","status":"publish","type":"post","link":"https:\/\/regiongron.sk\/hu\/ludova-drevenica\/","title":{"rendered":"\u013dudov\u00e1 drevenica, \u017dupkov"},"content":{"rendered":"\n<figure class=\"wp-block-image size-large size-full wp-image-589\"><img loading=\"lazy\" decoding=\"async\" width=\"1024\" height=\"683\" src=\"https:\/\/regiongron.sk\/wp-content\/uploads\/2023\/02\/Drevenica-Zupkov-1024x683.jpg\" alt=\"drevenica \u017eupkov\" class=\"wp-image-17500\" srcset=\"https:\/\/regiongron.sk\/hu\/wp-content\/uploads\/2023\/02\/Drevenica-Zupkov-1024x683.jpg 1024w, https:\/\/regiongron.sk\/hu\/wp-content\/uploads\/2023\/02\/Drevenica-Zupkov-600x400.jpg 600w, https:\/\/regiongron.sk\/hu\/wp-content\/uploads\/2023\/02\/Drevenica-Zupkov-768x512.jpg 768w, https:\/\/regiongron.sk\/hu\/wp-content\/uploads\/2023\/02\/Drevenica-Zupkov-1536x1024.jpg 1536w, https:\/\/regiongron.sk\/hu\/wp-content\/uploads\/2023\/02\/Drevenica-Zupkov-2048x1365.jpg 2048w, https:\/\/regiongron.sk\/hu\/wp-content\/uploads\/2023\/02\/Drevenica-Zupkov-scaled.jpg 2560w\" sizes=\"auto, (max-width: 1024px) 100vw, 1024px\" \/><\/figure>\n\n\n\n<p>Z d\u00f4vodu pusto\u0161enia po\u010das 2. svetovej vojny a povodne v 60. rokoch 20. stor. sa v obci nezachovalo ve\u013ea kult\u00farnych pamiatok.&nbsp;Jednou z t\u00fdch, ktor\u00e9 sa zachovali je zrekon\u0161truovan\u00e1 \u013eudov\u00e1 drevenica postaven\u00e1 na kamenn\u00fdch z\u00e1kladoch. Ob\u00fdvan\u00e1 bola do roku 2008, potom ho obci darovala pani Karol\u00edna Urbanov\u00e1.<\/p>\n\n\n\n<p>Po rekon\u0161trukcii v roku 2014 tu bolo zriaden\u00e9 obecn\u00e9 m\u00fazeum a&nbsp;expoz\u00edcia pribli\u017euj\u00faca tradi\u010dn\u00fd \u017eivot obyvate\u013eov. Je tu p\u00f4vodn\u00fa pec, tk\u00e1\u010dske krosn\u00e1, kolovr\u00e1tok \u010di figur\u00edny v&nbsp;miestnych krojoch. <\/p>\n\n\n<div class=\"wp-block-image\">\n<figure class=\"aligncenter size-large\"><img loading=\"lazy\" decoding=\"async\" width=\"1024\" height=\"683\" src=\"https:\/\/regiongron.sk\/wp-content\/uploads\/2023\/02\/zupkov-drevenicka-Peter-Cakovsky-1024x683.jpg\" alt=\"drevenica \u017eupkov interi\u00e9r\" class=\"wp-image-17501\" srcset=\"https:\/\/regiongron.sk\/hu\/wp-content\/uploads\/2023\/02\/zupkov-drevenicka-Peter-Cakovsky-1024x683.jpg 1024w, https:\/\/regiongron.sk\/hu\/wp-content\/uploads\/2023\/02\/zupkov-drevenicka-Peter-Cakovsky-600x400.jpg 600w, https:\/\/regiongron.sk\/hu\/wp-content\/uploads\/2023\/02\/zupkov-drevenicka-Peter-Cakovsky-768x512.jpg 768w, https:\/\/regiongron.sk\/hu\/wp-content\/uploads\/2023\/02\/zupkov-drevenicka-Peter-Cakovsky-1536x1024.jpg 1536w, https:\/\/regiongron.sk\/hu\/wp-content\/uploads\/2023\/02\/zupkov-drevenicka-Peter-Cakovsky-2048x1365.jpg 2048w, https:\/\/regiongron.sk\/hu\/wp-content\/uploads\/2023\/02\/zupkov-drevenicka-Peter-Cakovsky-scaled.jpg 2560w\" sizes=\"auto, (max-width: 1024px) 100vw, 1024px\" \/><\/figure>\n<\/div>\n\n\n<p>Expoz\u00edcia m\u00e1 aj exteri\u00e9rov\u00fa \u010das\u0165 \u2013 hospod\u00e1rsky dvor, ktor\u00e9ho s\u00fa\u010das\u0165ou s\u00fa dreven\u00e9 sochy, ml\u00e1\u0165a\u010dka a ved\u013ea dreveni\u010dky stoj\u00ed aj jedna z K\u013eakovsk\u00fdch studni\u010diek.<\/p>\n\n\n\n<p>V pr\u00edpade z\u00e1ujmu o n\u00e1v\u0161tevu drevenice, je potrebn\u00e9 vopred kontaktova\u0165 Obecn\u00fd \u00farad v \u017dupkove, kde v\u00e1m poskytn\u00fa inform\u00e1cie o mo\u017enosti n\u00e1v\u0161tevy \u010di k\u013e\u00fa\u010de od drevenice. <\/p>\n\n\n\t\t\t<div \n\t\t\tclass=\"wp-block-uagb-google-map uagb-google-map__wrap uagb-block-3d450095     \"\n\t\t\tstyle=\"\" >\n\t\t\t\t<embed\n\t\t\t\t\tclass=\"uagb-google-map__iframe\"\n\t\t\t\t\ttitle=\"Google Map for \"\n\t\t\t\t\tsrc=\"https:\/\/maps.google.com\/maps?q=drevenica%20%C5%BEupkov&z=12&hl=en&t=m&output=embed&iwloc=near\"\n\t\t\t\t\twidth=\"640\"\n\t\t\t\t\theight=\"300\"\n\t\t\t\t\tloading=\"lazy\"\n\t\t\t\t><\/embed>\n\t\t\t<\/div>\n\t\t\t\n\n\n\n","protected":false},"excerpt":{"rendered":"<p>Z d\u00f4vodu pusto\u0161enia po\u010das 2. svetovej vojny a povodne v 60. rokoch 20. stor. sa v obci nezachovalo ve\u013ea kult\u00farnych pamiatok.&nbsp;Jednou z t\u00fdch, ktor\u00e9 sa zachovali je zrekon\u0161truovan\u00e1 \u013eudov\u00e1 drevenica postaven\u00e1 na kamenn\u00fdch z\u00e1kladoch. Ob\u00fdvan\u00e1 bola do roku 2008, potom ho obci darovala pani Karol\u00edna Urbanov\u00e1. Po rekon\u0161trukcii v roku 2014 tu bolo zriaden\u00e9 obecn\u00e9 [&hellip;]<\/p>\n","protected":false},"author":1,"featured_media":17500,"comment_status":"open","ping_status":"open","sticky":false,"template":"","format":"standard","meta":{"_acf_changed":false,"inline_featured_image":false,"_uag_custom_page_level_css":"","footnotes":""},"categories":[3,44,41],"tags":[],"class_list":["post-588","post","type-post","status-publish","format-standard","has-post-thumbnail","hentry","category-historicke-pamiatky","category-jedinecne-atrakcie","category-tradicna-architektura"],"acf":[],"uagb_featured_image_src":{"full":["https:\/\/regiongron.sk\/hu\/wp-content\/uploads\/2023\/02\/Drevenica-Zupkov-scaled.jpg",2560,1707,false],"thumbnail":["https:\/\/regiongron.sk\/hu\/wp-content\/uploads\/2023\/02\/Drevenica-Zupkov-400x400.jpg",400,400,true],"medium":["https:\/\/regiongron.sk\/hu\/wp-content\/uploads\/2023\/02\/Drevenica-Zupkov-600x400.jpg",600,400,true],"medium_large":["https:\/\/regiongron.sk\/hu\/wp-content\/uploads\/2023\/02\/Drevenica-Zupkov-768x512.jpg",768,512,true],"large":["https:\/\/regiongron.sk\/hu\/wp-content\/uploads\/2023\/02\/Drevenica-Zupkov-1024x683.jpg",1024,683,true],"1536x1536":["https:\/\/regiongron.sk\/hu\/wp-content\/uploads\/2023\/02\/Drevenica-Zupkov-1536x1024.jpg",1536,1024,true],"2048x2048":["https:\/\/regiongron.sk\/hu\/wp-content\/uploads\/2023\/02\/Drevenica-Zupkov-2048x1365.jpg",2048,1365,true]},"uagb_author_info":{"display_name":"schnicel","author_link":"https:\/\/regiongron.sk\/hu\/author\/schnicel\/"},"uagb_comment_info":0,"uagb_excerpt":"Z d\u00f4vodu pusto\u0161enia po\u010das 2. svetovej vojny a povodne v 60. rokoch 20. stor. sa v obci nezachovalo ve\u013ea kult\u00farnych pamiatok.&nbsp;Jednou z t\u00fdch, ktor\u00e9 sa zachovali je zrekon\u0161truovan\u00e1 \u013eudov\u00e1 drevenica postaven\u00e1 na kamenn\u00fdch z\u00e1kladoch. Ob\u00fdvan\u00e1 bola do roku 2008, potom ho obci darovala pani Karol\u00edna Urbanov\u00e1. Po rekon\u0161trukcii v roku 2014 tu bolo zriaden\u00e9 obecn\u00e9&hellip;","_links":{"self":[{"href":"https:\/\/regiongron.sk\/hu\/wp-json\/wp\/v2\/posts\/588","targetHints":{"allow":["GET"]}}],"collection":[{"href":"https:\/\/regiongron.sk\/hu\/wp-json\/wp\/v2\/posts"}],"about":[{"href":"https:\/\/regiongron.sk\/hu\/wp-json\/wp\/v2\/types\/post"}],"author":[{"embeddable":true,"href":"https:\/\/regiongron.sk\/hu\/wp-json\/wp\/v2\/users\/1"}],"replies":[{"embeddable":true,"href":"https:\/\/regiongron.sk\/hu\/wp-json\/wp\/v2\/comments?post=588"}],"version-history":[{"count":5,"href":"https:\/\/regiongron.sk\/hu\/wp-json\/wp\/v2\/posts\/588\/revisions"}],"predecessor-version":[{"id":17912,"href":"https:\/\/regiongron.sk\/hu\/wp-json\/wp\/v2\/posts\/588\/revisions\/17912"}],"wp:featuredmedia":[{"embeddable":true,"href":"https:\/\/regiongron.sk\/hu\/wp-json\/wp\/v2\/media\/17500"}],"wp:attachment":[{"href":"https:\/\/regiongron.sk\/hu\/wp-json\/wp\/v2\/media?parent=588"}],"wp:term":[{"taxonomy":"category","embeddable":true,"href":"https:\/\/regiongron.sk\/hu\/wp-json\/wp\/v2\/categories?post=588"},{"taxonomy":"post_tag","embeddable":true,"href":"https:\/\/regiongron.sk\/hu\/wp-json\/wp\/v2\/tags?post=588"}],"curies":[{"name":"wp","href":"https:\/\/api.w.org\/{rel}","templated":true}]}}