{"id":729,"date":"2016-12-12T20:39:27","date_gmt":"2016-12-12T18:39:27","guid":{"rendered":"http:\/\/regiongron.sk\/?p=729"},"modified":"2023-02-22T15:22:24","modified_gmt":"2023-02-22T14:22:24","slug":"prirodna-pamiatka-ostrovica","status":"publish","type":"post","link":"https:\/\/regiongron.sk\/hu\/prirodna-pamiatka-ostrovica\/","title":{"rendered":"Pr\u00edrodn\u00e1 pamiatka Ostrovica"},"content":{"rendered":"<div class=\"wp-block-image size-full wp-image-730\">\n<figure class=\"aligncenter\"><img decoding=\"async\" src=\"https:\/\/regiongron.sk\/wp-content\/uploads\/2023\/02\/ostrovica.jpg\" alt=\"PP Ostrovica (Foto: Gabriel Hudec)\" class=\"wp-image-730\"\/><figcaption class=\"wp-element-caption\">PP Ostrovica (Foto: Gabriel Hudec)<\/figcaption><\/figure>\n<\/div>\n\n\n<p>\u00dazemie sa nach\u00e1dza v juhoz\u00e1padnej \u010dasti Vt\u00e1\u010dnika. Krajin\u00e1rsky ve\u013emi v\u00fdrazn\u00e9 tri skalnat\u00e9 ve\u017ee sa t\u00fd\u010dia nad bl\u00edzkym okol\u00edm do v\u00fd\u0161ky 30-40 m.<\/p>\n\n\n\n<p>Geologickou zaujimavos\u0165ou je valcovit\u00fd sope\u010dn\u00fd kom\u00edn. Za pr\u00edrodn\u00fa pamiatku bola vyhl\u00e1sen\u00e1&nbsp; v roku 1992 a jej celkov\u00e1 v\u00fdmera je 4,44 ha.<\/p>\n\n\n\n<iframe loading=\"lazy\" style=\"border:none\" src=\"https:\/\/sk.frame.mapy.cz\/s\/hanetasura\" width=\"100%\" height=\"400\" frameborder=\"0\"><\/iframe>\n\n\n\n\n","protected":false},"excerpt":{"rendered":"<p>\u00dazemie sa nach\u00e1dza v juhoz\u00e1padnej \u010dasti Vt\u00e1\u010dnika. Krajin\u00e1rsky ve\u013emi v\u00fdrazn\u00e9 tri skalnat\u00e9 ve\u017ee sa t\u00fd\u010dia nad bl\u00edzkym okol\u00edm do v\u00fd\u0161ky 30-40 m. Geologickou zaujimavos\u0165ou je valcovit\u00fd sope\u010dn\u00fd kom\u00edn. Za pr\u00edrodn\u00fa pamiatku bola vyhl\u00e1sen\u00e1&nbsp; v roku 1992 a jej celkov\u00e1 v\u00fdmera je 4,44 ha.<\/p>\n","protected":false},"author":1,"featured_media":730,"comment_status":"open","ping_status":"open","sticky":false,"template":"","format":"standard","meta":{"_acf_changed":false,"inline_featured_image":false,"_uag_custom_page_level_css":"","footnotes":""},"categories":[8,4],"tags":[],"class_list":["post-729","post","type-post","status-publish","format-standard","has-post-thumbnail","hentry","category-prirodne-zaujimavosti","category-zaujimavosti"],"acf":[],"uagb_featured_image_src":{"full":false,"thumbnail":false,"medium":false,"medium_large":false,"large":false,"1536x1536":false,"2048x2048":false},"uagb_author_info":{"display_name":"schnicel","author_link":"https:\/\/regiongron.sk\/hu\/author\/schnicel\/"},"uagb_comment_info":0,"uagb_excerpt":"\u00dazemie sa nach\u00e1dza v juhoz\u00e1padnej \u010dasti Vt\u00e1\u010dnika. Krajin\u00e1rsky ve\u013emi v\u00fdrazn\u00e9 tri skalnat\u00e9 ve\u017ee sa t\u00fd\u010dia nad bl\u00edzkym okol\u00edm do v\u00fd\u0161ky 30-40 m. Geologickou zaujimavos\u0165ou je valcovit\u00fd sope\u010dn\u00fd kom\u00edn. Za pr\u00edrodn\u00fa pamiatku bola vyhl\u00e1sen\u00e1&nbsp; v roku 1992 a jej celkov\u00e1 v\u00fdmera je 4,44 ha.","_links":{"self":[{"href":"https:\/\/regiongron.sk\/hu\/wp-json\/wp\/v2\/posts\/729","targetHints":{"allow":["GET"]}}],"collection":[{"href":"https:\/\/regiongron.sk\/hu\/wp-json\/wp\/v2\/posts"}],"about":[{"href":"https:\/\/regiongron.sk\/hu\/wp-json\/wp\/v2\/types\/post"}],"author":[{"embeddable":true,"href":"https:\/\/regiongron.sk\/hu\/wp-json\/wp\/v2\/users\/1"}],"replies":[{"embeddable":true,"href":"https:\/\/regiongron.sk\/hu\/wp-json\/wp\/v2\/comments?post=729"}],"version-history":[{"count":3,"href":"https:\/\/regiongron.sk\/hu\/wp-json\/wp\/v2\/posts\/729\/revisions"}],"predecessor-version":[{"id":16037,"href":"https:\/\/regiongron.sk\/hu\/wp-json\/wp\/v2\/posts\/729\/revisions\/16037"}],"wp:featuredmedia":[{"embeddable":true,"href":"https:\/\/regiongron.sk\/hu\/wp-json\/"}],"wp:attachment":[{"href":"https:\/\/regiongron.sk\/hu\/wp-json\/wp\/v2\/media?parent=729"}],"wp:term":[{"taxonomy":"category","embeddable":true,"href":"https:\/\/regiongron.sk\/hu\/wp-json\/wp\/v2\/categories?post=729"},{"taxonomy":"post_tag","embeddable":true,"href":"https:\/\/regiongron.sk\/hu\/wp-json\/wp\/v2\/tags?post=729"}],"curies":[{"name":"wp","href":"https:\/\/api.w.org\/{rel}","templated":true}]}}